{"id":238770,"date":"2026-07-28T12:15:12","date_gmt":"2026-07-28T12:15:12","guid":{"rendered":"https:\/\/www.europesays.com\/ee\/238770\/"},"modified":"2026-07-28T12:15:12","modified_gmt":"2026-07-28T12:15:12","slug":"fotod-ta-naeb-valja-nagu-su-isa-valge-maja-pressisekretari-abielu-paneb-inimesi-imestama","status":"publish","type":"post","link":"https:\/\/www.europesays.com\/ee\/238770\/","title":{"rendered":"FOTOD | \u201eTa n\u00e4eb v\u00e4lja nagu su isa!\u201c Valge Maja pressisekret\u00e4ri abielu paneb inimesi imestama"},"content":{"rendered":"<p>Leavitt (28) on viimased poolteist aastat olnud abielus endas 32 aastat vanema Nicholas Riccioga (60). V\u00e4ljaande Mirror andmetel osales paar 24. juulil aset leidnud Valge Maja korrespondentide \u00f5htus\u00f6\u00f6gil. Peo k\u00e4igus lasi Leavitt teha mitmeid fotosid, millest osad ta postitas ka oma Instagrami kontole. \u00dchel kl\u00f5psul istub ta ka USA presidendi Donald Trumpi k\u00f5rval. <\/p>\n<p>Kuid isegi pilt koos presidendiga ei tekitanud nii palju elevust, kui foto, kus Leavitt poseerib koos oma abikaasaga. K\u00f5nealune foto s\u00fcndis ovaalkabinetis. Naine saab postituse alla j\u00e4etud kommentaarides komplimente tema ilusa riietuse eest, kuid paljudele j\u00e4i silma ka pildil olevate abikaasade suur vanusevahe. <\/p>\n<p>\u201eTore pilt vanaisaga,\u201c kirjutab \u00fcks kommentaari j\u00e4tnud kasutaja. \u201eVabandust, aga ta n\u00e4eb v\u00e4lja nagu su isa,\u201c m\u00e4rkis ka teine. Sarnaseid kirjutisi on Leavitti postituse all veelgi.<\/p>\n<p>K\u00f5nealuse foto n\u00e4gemiseks kliki paremal noolel: <\/p>\n<p>Levitt ja Riccio abiellusid 2025. aastal vaid m\u00f5ned p\u00e4evad enne Trumpi ametisse astumist. Paaril on kaks last. Nende poeg Nicholas s\u00fcndis 2024. aasta juulis ning t\u00fctar Viviana s\u00fcndis t\u00e4navu mais, vahendab v\u00e4ljaanne People. Leavitt on m\u00f5lema lapse s\u00fcnni j\u00e4rel naasnud t\u00f6\u00f6le vaid loetud p\u00e4evad p\u00e4rast s\u00fcnnitust. Leavitt on varem kirjeldanud oma suure vanusevahega abielu kui \u201eebat\u00fc\u00fcpilist armastuslugu\u201c. <\/p>\n<p>Kuidas see lugu Sind end tundma pani? Saada <a href=\"https:\/\/kroonika.delfi.ee\/artikkel\/120600068\/fotod-ta-naeb-valja-nagu-su-isa-valge-maja-pressisekretari-abielu-paneb-inimesi-imestama\/kommentaarid\" class=\"article-body-bottom__comment article-body-bottom__comment--write button button--primary button--size-auto\" rel=\"nofollow noopener\" target=\"_blank\"> Kommenteeri <\/a><a href=\"https:\/\/kroonika.delfi.ee\/artikkel\/120600068\/fotod-ta-naeb-valja-nagu-su-isa-valge-maja-pressisekretari-abielu-paneb-inimesi-imestama\/kommentaarid\" class=\"article-body-bottom__comment article-body-bottom__comment--read button button--size-auto\" rel=\"nofollow noopener\" target=\"_blank\"> Loe kommentaare (2)<\/a><\/p>\n","protected":false},"excerpt":{"rendered":"Leavitt (28) on viimased poolteist aastat olnud abielus endas 32 aastat vanema Nicholas Riccioga (60). V\u00e4ljaande Mirror andmetel&hellip;\n","protected":false},"author":2,"featured_media":238771,"comment_status":"","ping_status":"","sticky":false,"template":"","format":"standard","meta":{"footnotes":"","_share_on_mastodon":"0"},"categories":[80],"tags":[26,27,37,33,35,34,36,31,32,21,3303,28,29,95,19,25,23,24,22,20,1900,30,92,93,94],"class_list":["post-238770","post","type-post","status-publish","format-standard","has-post-thumbnail","category-maailm","tag-breaking-news","tag-breakingnews","tag-ee","tag-eesti","tag-eesti-keel","tag-estonia","tag-estonian","tag-featured-news","tag-featurednews","tag-headlines","tag-karoline-leavitt","tag-latest-news","tag-latestnews","tag-maailm","tag-news","tag-populaarseimad-lood","tag-top-stories","tag-topstories","tag-uldised-uudised","tag-uudised","tag-valge-maja","tag-viimased-uudised","tag-world","tag-world-news","tag-worldnews"],"share_on_mastodon":{"url":"https:\/\/pubeurope.com\/@ee\/116997555738456722","error":""},"_links":{"self":[{"href":"https:\/\/www.europesays.com\/ee\/wp-json\/wp\/v2\/posts\/238770","targetHints":{"allow":["GET"]}}],"collection":[{"href":"https:\/\/www.europesays.com\/ee\/wp-json\/wp\/v2\/posts"}],"about":[{"href":"https:\/\/www.europesays.com\/ee\/wp-json\/wp\/v2\/types\/post"}],"author":[{"embeddable":true,"href":"https:\/\/www.europesays.com\/ee\/wp-json\/wp\/v2\/users\/2"}],"replies":[{"embeddable":true,"href":"https:\/\/www.europesays.com\/ee\/wp-json\/wp\/v2\/comments?post=238770"}],"version-history":[{"count":0,"href":"https:\/\/www.europesays.com\/ee\/wp-json\/wp\/v2\/posts\/238770\/revisions"}],"wp:featuredmedia":[{"embeddable":true,"href":"https:\/\/www.europesays.com\/ee\/wp-json\/wp\/v2\/media\/238771"}],"wp:attachment":[{"href":"https:\/\/www.europesays.com\/ee\/wp-json\/wp\/v2\/media?parent=238770"}],"wp:term":[{"taxonomy":"category","embeddable":true,"href":"https:\/\/www.europesays.com\/ee\/wp-json\/wp\/v2\/categories?post=238770"},{"taxonomy":"post_tag","embeddable":true,"href":"https:\/\/www.europesays.com\/ee\/wp-json\/wp\/v2\/tags?post=238770"}],"curies":[{"name":"wp","href":"https:\/\/api.w.org\/{rel}","templated":true}]}}