{"id":238796,"date":"2026-07-28T12:48:09","date_gmt":"2026-07-28T12:48:09","guid":{"rendered":"https:\/\/www.europesays.com\/ee\/238796\/"},"modified":"2026-07-28T12:48:09","modified_gmt":"2026-07-28T12:48:09","slug":"usa-kaitseministri-asetaitja-teatas-et-tana-alustati-usa-vagede-euroopas-kohaloleku-revideerimist","status":"publish","type":"post","link":"https:\/\/www.europesays.com\/ee\/238796\/","title":{"rendered":"USA kaitseministri aset\u00e4itja teatas, et t\u00e4na alustati USA v\u00e4gede Euroopas kohaloleku revideerimist"},"content":{"rendered":"<p>\u201eNagu minister tollal selgitas, saab see olema t\u00f5eline revideerimine, mis on m\u00f5eldud kindlustama, et NATO liiguks kiiresti ja p\u00f6\u00f6rdumatult selle suunas, et Euroopa v\u00f5tab \u00fcle esmase vastutuse oma konventsiaalse kaitse eest,\u201c kirjutas Colby.<\/p>\n<p>Selle revideerimise tulemus saab Colby s\u00f5nul olema NATO kiirem muutumine tugevamaks, \u00f5iglasemaks ja kestlikumaks alliansiks.<\/p>\n<p>Colby teatas, et eesm\u00e4rk on edendada sihti taastada t\u00e4ielikult NATO v\u00f5imsa s\u00f5diva organisatsiooni iseloom ehk NATO 3.0.<\/p>\n<p>\u201eSee revideerimine kindlustab, et USA j\u00f5udude kohalolek Euroopas peegeldaks 2025. aasta riikliku julgeoleku strateegiat ja 2026. aasta riiklikku kaitsestrateegiat,\u201c teatas Colby, kelle s\u00f5nul annab revideerimine rea valikuv\u00f5imalusi, mis p\u00f5hinevad strateegilisel j\u00e4ikusel, tugeval empiirilisel alusel ning geopoliitiliste ja s\u00f5jaliste t\u00f5siasjade selgel tajumisel.<\/p>\n<p>Kuidas see lugu Sind end tundma pani? Saada <a href=\"https:\/\/www.delfi.ee\/artikkel\/120600161\/usa-kaitseministri-asetaitja-teatas-et-tana-alustati-usa-vagede-euroopas-kohaloleku-revideerimist\/kommentaarid\" class=\"article-body-bottom__comment article-body-bottom__comment--write button button--primary button--size-auto\" rel=\"nofollow noopener\" target=\"_blank\"> Kommenteeri <\/a><a href=\"https:\/\/www.delfi.ee\/artikkel\/120600161\/usa-kaitseministri-asetaitja-teatas-et-tana-alustati-usa-vagede-euroopas-kohaloleku-revideerimist\/kommentaarid\" class=\"article-body-bottom__comment article-body-bottom__comment--read button button--size-auto\" rel=\"nofollow noopener\" target=\"_blank\"> Loe kommentaare (25)<\/a><\/p>\n","protected":false},"excerpt":{"rendered":"\u201eNagu minister tollal selgitas, saab see olema t\u00f5eline revideerimine, mis on m\u00f5eldud kindlustama, et NATO liiguks kiiresti ja&hellip;\n","protected":false},"author":2,"featured_media":238797,"comment_status":"","ping_status":"","sticky":false,"template":"","format":"standard","meta":{"footnotes":"","_share_on_mastodon":"0"},"categories":[80],"tags":[26,27,117,37,33,35,26046,34,36,112,31,32,21,28,29,95,54,19,1205,25,23,24,22,325,20,30,92,93,94],"class_list":["post-238796","post","type-post","status-publish","format-standard","has-post-thumbnail","category-maailm","tag-breaking-news","tag-breakingnews","tag-brussel","tag-ee","tag-eesti","tag-eesti-keel","tag-elbridge-colby","tag-estonia","tag-estonian","tag-euroopa","tag-featured-news","tag-featurednews","tag-headlines","tag-latest-news","tag-latestnews","tag-maailm","tag-nato","tag-news","tag-pete-hegseth","tag-populaarseimad-lood","tag-top-stories","tag-topstories","tag-uldised-uudised","tag-usa","tag-uudised","tag-viimased-uudised","tag-world","tag-world-news","tag-worldnews"],"share_on_mastodon":{"url":"https:\/\/pubeurope.com\/@ee\/116997685779247971","error":""},"_links":{"self":[{"href":"https:\/\/www.europesays.com\/ee\/wp-json\/wp\/v2\/posts\/238796","targetHints":{"allow":["GET"]}}],"collection":[{"href":"https:\/\/www.europesays.com\/ee\/wp-json\/wp\/v2\/posts"}],"about":[{"href":"https:\/\/www.europesays.com\/ee\/wp-json\/wp\/v2\/types\/post"}],"author":[{"embeddable":true,"href":"https:\/\/www.europesays.com\/ee\/wp-json\/wp\/v2\/users\/2"}],"replies":[{"embeddable":true,"href":"https:\/\/www.europesays.com\/ee\/wp-json\/wp\/v2\/comments?post=238796"}],"version-history":[{"count":0,"href":"https:\/\/www.europesays.com\/ee\/wp-json\/wp\/v2\/posts\/238796\/revisions"}],"wp:featuredmedia":[{"embeddable":true,"href":"https:\/\/www.europesays.com\/ee\/wp-json\/wp\/v2\/media\/238797"}],"wp:attachment":[{"href":"https:\/\/www.europesays.com\/ee\/wp-json\/wp\/v2\/media?parent=238796"}],"wp:term":[{"taxonomy":"category","embeddable":true,"href":"https:\/\/www.europesays.com\/ee\/wp-json\/wp\/v2\/categories?post=238796"},{"taxonomy":"post_tag","embeddable":true,"href":"https:\/\/www.europesays.com\/ee\/wp-json\/wp\/v2\/tags?post=238796"}],"curies":[{"name":"wp","href":"https:\/\/api.w.org\/{rel}","templated":true}]}}