{"id":238814,"date":"2026-07-28T13:07:11","date_gmt":"2026-07-28T13:07:11","guid":{"rendered":"https:\/\/www.europesays.com\/ee\/238814\/"},"modified":"2026-07-28T13:07:11","modified_gmt":"2026-07-28T13:07:11","slug":"eik-avaldas-debuutluulekogu-mis-edasi-see-alles-selgineb-kirjandus","status":"publish","type":"post","link":"https:\/\/www.europesays.com\/ee\/238814\/","title":{"rendered":"Eik avaldas deb\u00fc\u00fctluulekogu &#8220;Mis edasi, see alles selgineb&#8221; | Kirjandus"},"content":{"rendered":"<p>Peamiselt muusikuna tuntud Eik andis v\u00e4lja deb\u00fc\u00fctluulekogu &#8220;Mis edasi, see alles selgineb&#8221;.<\/p>\n<p>V\u00e4rskelt ilmunud deb\u00fc\u00fctkogus saavad kokku nii juba tuntud v\u00e4rsid kui ka avaldamata sahtlimaterjal. Eik s\u00f5nas, et on seda hetke oodanud viimased 12 aastat\u00a0, sest eesti keelel ja s\u00f5nadel on tema loomingus keskne roll.<\/p>\n<p>&#8220;Tahes-tahtmata jutustavad need tekstid suuresti \u00fcleskasvamisest ja mingist seletamatust \u00fcksinduse-\u00fcksilduse tundest, mis mu p\u00f5lvkonda saadab. Iga\u00fcks on oma inforuumis, sageli p\u00e4ris oma kambata, meeletu kiirusega muutuvas maailmas, kus justkui on k\u00f5ik mugavam kui eales varem, aga samas ebakindel, eelarvamuslik, \u00f5nnetukstegev. Samal ajal \u00fcritan ikka olla lollilt optimistlik \u2013 mis edasi, see alles selgineb,&#8221; lausus Eik.<\/p>\n<p>Kogumiku on toimetanud Helena L\u00e4ks ja kujundanud Triinu K\u00f6\u00f6ba, v\u00e4lja andnud kirjastus Pu\u00e4nt. Kogumiku esitlus toimub s\u00fcgisel.<\/p>\n","protected":false},"excerpt":{"rendered":"Peamiselt muusikuna tuntud Eik andis v\u00e4lja deb\u00fc\u00fctluulekogu &#8220;Mis edasi, see alles selgineb&#8221;. V\u00e4rskelt ilmunud deb\u00fc\u00fctkogus saavad kokku nii&hellip;\n","protected":false},"author":2,"featured_media":238815,"comment_status":"","ping_status":"","sticky":false,"template":"","format":"standard","meta":{"footnotes":"","_share_on_mastodon":"0"},"categories":[16],"tags":[37,33,35,4685,173,34,36,140,94907,94908],"class_list":["post-238814","post","type-post","status-publish","format-standard","has-post-thumbnail","category-meelelahutus","tag-ee","tag-eesti","tag-eesti-keel","tag-eik","tag-entertainment","tag-estonia","tag-estonian","tag-meelelahutus","tag-mis-edasi","tag-see-alles-selgineb"],"share_on_mastodon":{"url":"https:\/\/pubeurope.com\/@ee\/116997760291328892","error":""},"_links":{"self":[{"href":"https:\/\/www.europesays.com\/ee\/wp-json\/wp\/v2\/posts\/238814","targetHints":{"allow":["GET"]}}],"collection":[{"href":"https:\/\/www.europesays.com\/ee\/wp-json\/wp\/v2\/posts"}],"about":[{"href":"https:\/\/www.europesays.com\/ee\/wp-json\/wp\/v2\/types\/post"}],"author":[{"embeddable":true,"href":"https:\/\/www.europesays.com\/ee\/wp-json\/wp\/v2\/users\/2"}],"replies":[{"embeddable":true,"href":"https:\/\/www.europesays.com\/ee\/wp-json\/wp\/v2\/comments?post=238814"}],"version-history":[{"count":0,"href":"https:\/\/www.europesays.com\/ee\/wp-json\/wp\/v2\/posts\/238814\/revisions"}],"wp:featuredmedia":[{"embeddable":true,"href":"https:\/\/www.europesays.com\/ee\/wp-json\/wp\/v2\/media\/238815"}],"wp:attachment":[{"href":"https:\/\/www.europesays.com\/ee\/wp-json\/wp\/v2\/media?parent=238814"}],"wp:term":[{"taxonomy":"category","embeddable":true,"href":"https:\/\/www.europesays.com\/ee\/wp-json\/wp\/v2\/categories?post=238814"},{"taxonomy":"post_tag","embeddable":true,"href":"https:\/\/www.europesays.com\/ee\/wp-json\/wp\/v2\/tags?post=238814"}],"curies":[{"name":"wp","href":"https:\/\/api.w.org\/{rel}","templated":true}]}}