{"id":238854,"date":"2026-07-28T13:52:10","date_gmt":"2026-07-28T13:52:10","guid":{"rendered":"https:\/\/www.europesays.com\/ee\/238854\/"},"modified":"2026-07-28T13:52:10","modified_gmt":"2026-07-28T13:52:10","slug":"molder-alustas-iirimaal-raske-voiduga-tennis","status":"publish","type":"post","link":"https:\/\/www.europesays.com\/ee\/238854\/","title":{"rendered":"M\u00f6lder alustas Iirimaal raske v\u00f5iduga | Tennis"},"content":{"rendered":"<p>Iirimaa pealinnas Dublinis alanud M15 kategooria WT tenniseturniiril teenis v\u00e4rske Eesti meister Markus M\u00f6lder avaringis raske v\u00f5idu.<\/p>\n<p>Turniiril seitsmendana asetatud M\u00f6lder (ATP 892.) sai pea kaks ja pool tundi kestnud kohtumises 4:6, 7:5, 6:4 jagu hispaanlasest Pablo Perez Ramosest (ATP 943.).<\/p>\n<p>Teises setis v\u00f5itis Perez Ramos pika pallingugeimi ja p\u00e4\u00e4ses 5:4 juhtima, aga M\u00f6lder v\u00f5itis seej\u00e4rel kolm geimi j\u00e4rjest ja viis kohtumise otsustavasse setti. Kolmandas setis p\u00e4\u00e4ses M\u00f6lder murdega 3:1 ette ning l\u00f5puks sellest murdest piisas, et sett 6:4 v\u00f5ita.<\/p>\n<p>Glinka servis \u00fcheksa \u00e4ssa ja tegi viis topeltviga, Perez Ramos sai kirja koguni 19 \u00e4ssa ja seitse topeltviga. M\u00f6lder realiseeris k\u00fcmnest murdev\u00f5imalusest kolm, Perez Ramos suutis seitsmest murdepallist \u00e4ra kasutada kaks. M\u00e4ngitud punktidest v\u00f5itis M\u00f6lder 99 ja Perez Ramos 90.<\/p>\n<p>Teises ringis l\u00e4heb M\u00f6lder vastamisi ameeriklase Matisse Farzamiga (ATP 1527.), kes alistas avaringis 6:3, 6:3 iirlase Cian Maguire&#8217;i (ATP 2230.).<\/p>\n","protected":false},"excerpt":{"rendered":"Iirimaa pealinnas Dublinis alanud M15 kategooria WT tenniseturniiril teenis v\u00e4rske Eesti meister Markus M\u00f6lder avaringis raske v\u00f5idu. Turniiril&hellip;\n","protected":false},"author":2,"featured_media":238855,"comment_status":"","ping_status":"","sticky":false,"template":"","format":"standard","meta":{"footnotes":"","_share_on_mastodon":"0"},"categories":[18],"tags":[37,33,35,34,36,6878,159,158],"class_list":["post-238854","post","type-post","status-publish","format-standard","has-post-thumbnail","category-sport","tag-ee","tag-eesti","tag-eesti-keel","tag-estonia","tag-estonian","tag-markus-molder","tag-sport","tag-sports"],"share_on_mastodon":{"url":"https:\/\/pubeurope.com\/@ee\/116997937068129231","error":""},"_links":{"self":[{"href":"https:\/\/www.europesays.com\/ee\/wp-json\/wp\/v2\/posts\/238854","targetHints":{"allow":["GET"]}}],"collection":[{"href":"https:\/\/www.europesays.com\/ee\/wp-json\/wp\/v2\/posts"}],"about":[{"href":"https:\/\/www.europesays.com\/ee\/wp-json\/wp\/v2\/types\/post"}],"author":[{"embeddable":true,"href":"https:\/\/www.europesays.com\/ee\/wp-json\/wp\/v2\/users\/2"}],"replies":[{"embeddable":true,"href":"https:\/\/www.europesays.com\/ee\/wp-json\/wp\/v2\/comments?post=238854"}],"version-history":[{"count":0,"href":"https:\/\/www.europesays.com\/ee\/wp-json\/wp\/v2\/posts\/238854\/revisions"}],"wp:featuredmedia":[{"embeddable":true,"href":"https:\/\/www.europesays.com\/ee\/wp-json\/wp\/v2\/media\/238855"}],"wp:attachment":[{"href":"https:\/\/www.europesays.com\/ee\/wp-json\/wp\/v2\/media?parent=238854"}],"wp:term":[{"taxonomy":"category","embeddable":true,"href":"https:\/\/www.europesays.com\/ee\/wp-json\/wp\/v2\/categories?post=238854"},{"taxonomy":"post_tag","embeddable":true,"href":"https:\/\/www.europesays.com\/ee\/wp-json\/wp\/v2\/tags?post=238854"}],"curies":[{"name":"wp","href":"https:\/\/api.w.org\/{rel}","templated":true}]}}