{"id":23886,"date":"2025-10-20T18:50:09","date_gmt":"2025-10-20T18:50:09","guid":{"rendered":"https:\/\/www.europesays.com\/ee\/23886\/"},"modified":"2025-10-20T18:50:09","modified_gmt":"2025-10-20T18:50:09","slug":"tartus-hakkavad-voimukonelusi-pidama-isamaa-ja-reformierakond-tonis-lukas-purgib-linnapeaks","status":"publish","type":"post","link":"https:\/\/www.europesays.com\/ee\/23886\/","title":{"rendered":"Tartus hakkavad v\u00f5imuk\u00f5nelusi pidama Isamaa ja Reformierakond, T\u00f5nis Lukas p\u00fcrgib linnapeaks"},"content":{"rendered":"<p>  <img decoding=\"async\" src=\"https:\/\/www.europesays.com\/ee\/wp-content\/uploads\/2025\/10\/0dad50e7-0be0-4f33-af0b-4916320f123b.jpg\" loading=\"lazy\" alt=\"Isamaa fraktsioon otsustas, et alustavad v\u00f5imuliidu l\u00e4bir\u00e4\u00e4kimisi Reformierakonnaga. Pildil vasakult Isamaa meerikandidaat T\u00f5nis Lukas ja reformierakondlasest senine linnapea Urmas Klaas\"\/> <\/p>\n<p>Isamaa fraktsioon otsustas, et alustavad v\u00f5imuliidu l\u00e4bir\u00e4\u00e4kimisi Reformierakonnaga. Pildil vasakult Isamaa meerikandidaat T\u00f5nis Lukas ja reformierakondlasest senine linnapea Urmas Klaas<\/p>\n<p>FOTO:  Kollaa\u017eAnni \u00d5nneleid | Delfi Meedia<\/p>\n<p><a rel=\"noopener nofollow\" target=\"_blank\" href=\"https:\/\/www.delfi.ee\/teema\/23303903\/tartu\" tag-id=\"23303903\">Tartu<\/a> <a rel=\"noopener nofollow\" target=\"_blank\" href=\"https:\/\/www.delfi.ee\/teema\/71040879\/isamaa\" tag-id=\"71040879\">Isamaa<\/a> fraktsioon otsustas, et seni Tartus v\u00f5imul olnud Reformierakonnale tehakse ettepanek v\u00f5imuliit moodustada. <a rel=\"noopener nofollow\" target=\"_blank\" href=\"https:\/\/www.delfi.ee\/teema\/31995611\/reformierakond\" tag-id=\"31995611\">Reformierakond<\/a> n\u00f5ustus Isamaaga l\u00e4bi r\u00e4\u00e4kima.<\/p>\n","protected":false},"excerpt":{"rendered":"Isamaa fraktsioon otsustas, et alustavad v\u00f5imuliidu l\u00e4bir\u00e4\u00e4kimisi Reformierakonnaga. Pildil vasakult Isamaa meerikandidaat T\u00f5nis Lukas ja reformierakondlasest senine linnapea&hellip;\n","protected":false},"author":2,"featured_media":23887,"comment_status":"","ping_status":"","sticky":false,"template":"","format":"standard","meta":{"footnotes":"","_share_on_mastodon":"0"},"categories":[12],"tags":[26,27,37,33,35,729,34,36,31,32,21,731,13387,7987,12521,28,29,12524,19,25,643,640,249,23,24,22,3515,20,30],"class_list":["post-23886","post","type-post","status-publish","format-standard","has-post-thumbnail","category-eesti","tag-breaking-news","tag-breakingnews","tag-ee","tag-eesti","tag-eesti-keel","tag-ekre","tag-estonia","tag-estonian","tag-featured-news","tag-featurednews","tag-headlines","tag-isamaa","tag-kaspar-kokk","tag-koalitsioon","tag-kris-karner","tag-latest-news","tag-latestnews","tag-mihkel-lees","tag-news","tag-populaarseimad-lood","tag-reformierakond","tag-riigikogu","tag-tartu","tag-top-stories","tag-topstories","tag-uldised-uudised","tag-urmas-klaas","tag-uudised","tag-viimased-uudised"],"share_on_mastodon":{"url":"","error":""},"_links":{"self":[{"href":"https:\/\/www.europesays.com\/ee\/wp-json\/wp\/v2\/posts\/23886","targetHints":{"allow":["GET"]}}],"collection":[{"href":"https:\/\/www.europesays.com\/ee\/wp-json\/wp\/v2\/posts"}],"about":[{"href":"https:\/\/www.europesays.com\/ee\/wp-json\/wp\/v2\/types\/post"}],"author":[{"embeddable":true,"href":"https:\/\/www.europesays.com\/ee\/wp-json\/wp\/v2\/users\/2"}],"replies":[{"embeddable":true,"href":"https:\/\/www.europesays.com\/ee\/wp-json\/wp\/v2\/comments?post=23886"}],"version-history":[{"count":0,"href":"https:\/\/www.europesays.com\/ee\/wp-json\/wp\/v2\/posts\/23886\/revisions"}],"wp:featuredmedia":[{"embeddable":true,"href":"https:\/\/www.europesays.com\/ee\/wp-json\/wp\/v2\/media\/23887"}],"wp:attachment":[{"href":"https:\/\/www.europesays.com\/ee\/wp-json\/wp\/v2\/media?parent=23886"}],"wp:term":[{"taxonomy":"category","embeddable":true,"href":"https:\/\/www.europesays.com\/ee\/wp-json\/wp\/v2\/categories?post=23886"},{"taxonomy":"post_tag","embeddable":true,"href":"https:\/\/www.europesays.com\/ee\/wp-json\/wp\/v2\/tags?post=23886"}],"curies":[{"name":"wp","href":"https:\/\/api.w.org\/{rel}","templated":true}]}}