{"id":238878,"date":"2026-07-28T14:18:12","date_gmt":"2026-07-28T14:18:12","guid":{"rendered":"https:\/\/www.europesays.com\/ee\/238878\/"},"modified":"2026-07-28T14:18:12","modified_gmt":"2026-07-28T14:18:12","slug":"prokuratuur-lopetas-farmi-piimatoostuse-kriminaalasja-maksupettust-ikkagi-ei-olnud","status":"publish","type":"post","link":"https:\/\/www.europesays.com\/ee\/238878\/","title":{"rendered":"Prokuratuur l\u00f5petas Farmi Piimat\u00f6\u00f6stuse kriminaalasja: maksupettust ikkagi ei olnud"},"content":{"rendered":"<p>Kui veel aasta alguses teatas prokuratuur, et nemad ja maksuamet kahtlustavad Farmi Piimat\u00f6\u00f6stuse omanikke ja isegi advokaati maksupettuses, siis t\u00e4na teatas riigiprokuratuur, et uurimine on l\u00f5petatud ja \u00fclisuurt maksupettust, mida otsiti, siiski ei leitud.<\/p>\n<p>Riigiprokuratuur teatas teisip\u00e4eval, et l\u00f5petas kriminaalasja ASi Farmi Piimat\u00f6\u00f6stus ja viie \u00e4ri\u00fchinguga seotud isiku suhtes.<\/p>\n","protected":false},"excerpt":{"rendered":"Kui veel aasta alguses teatas prokuratuur, et nemad ja maksuamet kahtlustavad Farmi Piimat\u00f6\u00f6stuse omanikke ja isegi advokaati maksupettuses,&hellip;\n","protected":false},"author":2,"featured_media":238879,"comment_status":"","ping_status":"","sticky":false,"template":"","format":"standard","meta":{"footnotes":"","_share_on_mastodon":"0"},"categories":[5],"tags":[94932,29222,26,27,37,33,5551,35,34,36,31,32,21,28,29,18445,2871,9446,19,25,10094,3848,94934,9831,94935,94933,56474,23,24,22,20,30],"class_list":["post-238878","post","type-post","status-publish","format-standard","has-post-thumbnail","category-uldised-uudised","tag-as-farmi-piimatoostus","tag-as-maag-grupp","tag-breaking-news","tag-breakingnews","tag-ee","tag-eesti","tag-eesti-ekspress","tag-eesti-keel","tag-estonia","tag-estonian","tag-featured-news","tag-featurednews","tag-headlines","tag-latest-news","tag-latestnews","tag-maag-food","tag-maksu-ja-tolliamet","tag-maksupettus","tag-news","tag-populaarseimad-lood","tag-prokuratuur","tag-riigiprokuratuur","tag-roland-lepp","tag-silver-kaur","tag-sven-papp","tag-tere-aktsiaselts","tag-toomas-juhani","tag-top-stories","tag-topstories","tag-uldised-uudised","tag-uudised","tag-viimased-uudised"],"share_on_mastodon":{"url":"","error":"Validation failed: Text character limit of 500 exceeded"},"_links":{"self":[{"href":"https:\/\/www.europesays.com\/ee\/wp-json\/wp\/v2\/posts\/238878","targetHints":{"allow":["GET"]}}],"collection":[{"href":"https:\/\/www.europesays.com\/ee\/wp-json\/wp\/v2\/posts"}],"about":[{"href":"https:\/\/www.europesays.com\/ee\/wp-json\/wp\/v2\/types\/post"}],"author":[{"embeddable":true,"href":"https:\/\/www.europesays.com\/ee\/wp-json\/wp\/v2\/users\/2"}],"replies":[{"embeddable":true,"href":"https:\/\/www.europesays.com\/ee\/wp-json\/wp\/v2\/comments?post=238878"}],"version-history":[{"count":0,"href":"https:\/\/www.europesays.com\/ee\/wp-json\/wp\/v2\/posts\/238878\/revisions"}],"wp:featuredmedia":[{"embeddable":true,"href":"https:\/\/www.europesays.com\/ee\/wp-json\/wp\/v2\/media\/238879"}],"wp:attachment":[{"href":"https:\/\/www.europesays.com\/ee\/wp-json\/wp\/v2\/media?parent=238878"}],"wp:term":[{"taxonomy":"category","embeddable":true,"href":"https:\/\/www.europesays.com\/ee\/wp-json\/wp\/v2\/categories?post=238878"},{"taxonomy":"post_tag","embeddable":true,"href":"https:\/\/www.europesays.com\/ee\/wp-json\/wp\/v2\/tags?post=238878"}],"curies":[{"name":"wp","href":"https:\/\/api.w.org\/{rel}","templated":true}]}}