{"id":238916,"date":"2026-07-28T15:12:14","date_gmt":"2026-07-28T15:12:14","guid":{"rendered":"https:\/\/www.europesays.com\/ee\/238916\/"},"modified":"2026-07-28T15:12:14","modified_gmt":"2026-07-28T15:12:14","slug":"omniva-venipaki-tehing-kinnitab-et-rahvusvahelised-tegijad-tunnevad-piirkonna-vastu-huvi-2","status":"publish","type":"post","link":"https:\/\/www.europesays.com\/ee\/238916\/","title":{"rendered":"Omniva: Venipaki tehing kinnitab, et rahvusvahelised tegijad tunnevad piirkonna vastu huvi"},"content":{"rendered":"<p>Omniva juhatuse esimees <a rel=\"noopener nofollow\" target=\"_blank\" href=\"https:\/\/www.delfi.ee\/teema\/96870541\/martti-kuldma\" tag-id=\"96870541\">Martti Kuldma<\/a> j\u00e4i vastustes napis\u00f5naliseks, kuid m\u00e4rkis, et antud tehing oli m\u00e4rgiline. \u201eDHL-i ja Venipaki tehing kinnitab, et Baltikumi logistikaturg pakub lisaks regionaalsele kapitalile huvi ka suurtele rahvusvahelistele tegijatele ja investoritele, kes n\u00e4evad siinsel turul pikaaegset v\u00e4\u00e4rtust ja kasvuv\u00f5imalusi.\u201c<\/p>\n<p><a href=\"http:\/\/arileht.delfi.ee\/artikkel\/120599931\/logistikahiid-dhl-omandab-venipaki-ja-tugevdab-oma-positsiooni-baltimaades#dalrel-in-article\" class=\"content-embedded-articles-single__embedded-article\" data-v-469265ed=\"\" rel=\"nofollow noopener\" target=\"_blank\"><\/p>\n<p> 27.07.2026 <\/p>\n<p> Logistikahiid DHL omandab Venipaki ja tugevdab oma positsiooni Baltimaades  (6) <\/p>\n<p><\/a><\/p>\n<p>Hetkel k\u00e4ib Kuldma s\u00f5nul Omniva m\u00fc\u00fcgieelne ettevalmistus, mida aitavad l\u00e4bi viia kogenud n\u00f5ustajad Superia, Redgate Capital ja Ellex Raidla Advokaadib\u00fcroo. P\u00e4rast seda kuulutatakse v\u00e4lja avalik enampakkumine. \u201eSeega on enampakkumisel osalejaid v\u00f5i potentsiaalset ostjat veel vara kommenteerida,\u201c s\u00f5nas Kuldma. Omniva juht ei soovinud seega avaldada, kui palju kosilasi seni on huvi n\u00e4idanud.<\/p>\n<p><a rel=\"noopener follow nofollow\" target=\"_blank\" href=\"https:\/\/www.aripaev.ee\/uudised\/2026\/07\/28\/allikad-omniva-ostjaks-peetakse-fedexit-voi-hiinlasi\" data-rel-date-range=\"[]\">\u00c4rip\u00e4ev kirjutas aga t\u00e4na,<\/a> et Leedu majandusv\u00e4ljaande Verslo \u017einiose allikate hinnangul v\u00f5ib erastamist ootava Omniva omanikuks saada USA b\u00f6rsil noteeritud FedEx Corporation v\u00f5i m\u00f5ni Hiina ettev\u00f5te. V\u00e4ljaanne kirjutas, et FedEx omandas t\u00e4navu Poola turuliidri InPosti, kes oli juba enne tehingut Omnivale silma peale pannud. Leedu v\u00e4ljaande allikate info kohaselt v\u00f5ivad Omnivast huvituda ka Hiina ettev\u00f5tted, kuna Eesti riiklikule firmale kuulub koguni veerand Balti riikidesse j\u00f5udvast Hiina paki\u00e4rist.<\/p>\n<p>Valitsus otsustas aprillis alustada Omniva erastamisega, et leida riigifirmale uus omanik. Enampakkumine peaks algama sel aastal ning tehinguni loodetakse j\u00f5uda j\u00e4rgmisel aastal. Eelmisel aastal oli Omniva kontserni m\u00fc\u00fcgitulu 154,7 miljonit eurot ning normaliseeritud puhaskasum 1,4 miljonit eurot. Tegelik kasum oli 4,6 miljonit eurot suurem, kuna saadi \u00fchekordset kasumit Pallasti t\u00e4naval asuva kinnistu m\u00fc\u00fcgist.<\/p>\n<p>Kuidas see lugu Sind end tundma pani? Saada <a href=\"https:\/\/arileht.delfi.ee\/artikkel\/120600149\/omniva-venipaki-tehing-kinnitab-et-rahvusvahelised-tegijad-tunnevad-piirkonna-vastu-huvi\/kommentaarid\" class=\"article-body-bottom__comment article-body-bottom__comment--write button button--primary button--size-auto\" rel=\"nofollow noopener\" target=\"_blank\"> Kommenteeri <\/a><a href=\"https:\/\/arileht.delfi.ee\/artikkel\/120600149\/omniva-venipaki-tehing-kinnitab-et-rahvusvahelised-tegijad-tunnevad-piirkonna-vastu-huvi\/kommentaarid\" class=\"article-body-bottom__comment article-body-bottom__comment--read button button--size-auto\" rel=\"nofollow noopener\" target=\"_blank\"> Loe kommentaare (8)<\/a><\/p>\n","protected":false},"excerpt":{"rendered":"Omniva juhatuse esimees Martti Kuldma j\u00e4i vastustes napis\u00f5naliseks, kuid m\u00e4rkis, et antud tehing oli m\u00e4rgiline. \u201eDHL-i ja Venipaki&hellip;\n","protected":false},"author":2,"featured_media":238917,"comment_status":"","ping_status":"","sticky":false,"template":"","format":"standard","meta":{"footnotes":"","_share_on_mastodon":"0"},"categories":[12],"tags":[26,27,22678,37,33,35,16475,34,36,31,32,21,28,29,94923,27039,19,254,25,23,24,22,20,3390,30],"class_list":["post-238916","post","type-post","status-publish","format-standard","has-post-thumbnail","category-eesti","tag-breaking-news","tag-breakingnews","tag-dhl","tag-ee","tag-eesti","tag-eesti-keel","tag-erastamine","tag-estonia","tag-estonian","tag-featured-news","tag-featurednews","tag-headlines","tag-latest-news","tag-latestnews","tag-logistikasektor","tag-martti-kuldma","tag-news","tag-omniva","tag-populaarseimad-lood","tag-top-stories","tag-topstories","tag-uldised-uudised","tag-uudised","tag-venipak","tag-viimased-uudised"],"share_on_mastodon":{"url":"https:\/\/pubeurope.com\/@ee\/116998251669014998","error":""},"_links":{"self":[{"href":"https:\/\/www.europesays.com\/ee\/wp-json\/wp\/v2\/posts\/238916","targetHints":{"allow":["GET"]}}],"collection":[{"href":"https:\/\/www.europesays.com\/ee\/wp-json\/wp\/v2\/posts"}],"about":[{"href":"https:\/\/www.europesays.com\/ee\/wp-json\/wp\/v2\/types\/post"}],"author":[{"embeddable":true,"href":"https:\/\/www.europesays.com\/ee\/wp-json\/wp\/v2\/users\/2"}],"replies":[{"embeddable":true,"href":"https:\/\/www.europesays.com\/ee\/wp-json\/wp\/v2\/comments?post=238916"}],"version-history":[{"count":0,"href":"https:\/\/www.europesays.com\/ee\/wp-json\/wp\/v2\/posts\/238916\/revisions"}],"wp:featuredmedia":[{"embeddable":true,"href":"https:\/\/www.europesays.com\/ee\/wp-json\/wp\/v2\/media\/238917"}],"wp:attachment":[{"href":"https:\/\/www.europesays.com\/ee\/wp-json\/wp\/v2\/media?parent=238916"}],"wp:term":[{"taxonomy":"category","embeddable":true,"href":"https:\/\/www.europesays.com\/ee\/wp-json\/wp\/v2\/categories?post=238916"},{"taxonomy":"post_tag","embeddable":true,"href":"https:\/\/www.europesays.com\/ee\/wp-json\/wp\/v2\/tags?post=238916"}],"curies":[{"name":"wp","href":"https:\/\/api.w.org\/{rel}","templated":true}]}}