{"id":239002,"date":"2026-07-28T17:12:08","date_gmt":"2026-07-28T17:12:08","guid":{"rendered":"https:\/\/www.europesays.com\/ee\/239002\/"},"modified":"2026-07-28T17:12:08","modified_gmt":"2026-07-28T17:12:08","slug":"diktaatorite-lapsed-trumpi-tagaouel-kuidas-populistid-ladina-ameerikas-voimu-haaravad","status":"publish","type":"post","link":"https:\/\/www.europesays.com\/ee\/239002\/","title":{"rendered":"Diktaatorite lapsed Trumpi taga\u00f5uel: kuidas populistid Ladina-Ameerikas v\u00f5imu haaravad"},"content":{"rendered":"<p>Alates Trumpi teise ametiaja algusest on Ladina-Ameerikas toimunud seitsmed presidendivalimised ning edu on parempopulistidel. Kas trend j\u00e4tkub v\u00f5i mitte, selgub oktoobrikuistel valimistel Brasiilias, kus tasav\u00e4gine m\u00f5\u00f5duv\u00f5tt valitseva vasakpoolse presidendi ja tema ohtlikema konkurendi vahel on \u00fclej\u00e4\u00e4nud \u00fcritajad suuresti k\u00f5rvale t\u00f5rjunud.<\/p>\n","protected":false},"excerpt":{"rendered":"Alates Trumpi teise ametiaja algusest on Ladina-Ameerikas toimunud seitsmed presidendivalimised ning edu on parempopulistidel. Kas trend j\u00e4tkub v\u00f5i&hellip;\n","protected":false},"author":2,"featured_media":239003,"comment_status":"","ping_status":"","sticky":false,"template":"","format":"standard","meta":{"footnotes":"","_share_on_mastodon":"0"},"categories":[80],"tags":[85948,540,26,27,15984,324,37,33,35,34,36,31,32,21,11619,32871,94953,6181,28,29,482,81412,95,6718,94954,19,25,3975,94955,23,24,22,20,30,92,93,94],"class_list":["post-239002","post","type-post","status-publish","format-standard","has-post-thumbnail","category-maailm","tag-abelardo-de-la-espriella","tag-brasiilia","tag-breaking-news","tag-breakingnews","tag-claudia-sheinbaum","tag-donald-trump","tag-ee","tag-eesti","tag-eesti-keel","tag-estonia","tag-estonian","tag-featured-news","tag-featurednews","tag-headlines","tag-javier-milei","tag-jose-antonio-kast","tag-keiko-fujimori","tag-ladina-ameerika","tag-latest-news","tag-latestnews","tag-louna-ameerika","tag-luiz-inacio-lula-da-silva","tag-maailm","tag-mehhiko","tag-nasry-asfura","tag-news","tag-populaarseimad-lood","tag-populism","tag-roosa-laine","tag-top-stories","tag-topstories","tag-uldised-uudised","tag-uudised","tag-viimased-uudised","tag-world","tag-world-news","tag-worldnews"],"share_on_mastodon":{"url":"","error":""},"_links":{"self":[{"href":"https:\/\/www.europesays.com\/ee\/wp-json\/wp\/v2\/posts\/239002","targetHints":{"allow":["GET"]}}],"collection":[{"href":"https:\/\/www.europesays.com\/ee\/wp-json\/wp\/v2\/posts"}],"about":[{"href":"https:\/\/www.europesays.com\/ee\/wp-json\/wp\/v2\/types\/post"}],"author":[{"embeddable":true,"href":"https:\/\/www.europesays.com\/ee\/wp-json\/wp\/v2\/users\/2"}],"replies":[{"embeddable":true,"href":"https:\/\/www.europesays.com\/ee\/wp-json\/wp\/v2\/comments?post=239002"}],"version-history":[{"count":0,"href":"https:\/\/www.europesays.com\/ee\/wp-json\/wp\/v2\/posts\/239002\/revisions"}],"wp:featuredmedia":[{"embeddable":true,"href":"https:\/\/www.europesays.com\/ee\/wp-json\/wp\/v2\/media\/239003"}],"wp:attachment":[{"href":"https:\/\/www.europesays.com\/ee\/wp-json\/wp\/v2\/media?parent=239002"}],"wp:term":[{"taxonomy":"category","embeddable":true,"href":"https:\/\/www.europesays.com\/ee\/wp-json\/wp\/v2\/categories?post=239002"},{"taxonomy":"post_tag","embeddable":true,"href":"https:\/\/www.europesays.com\/ee\/wp-json\/wp\/v2\/tags?post=239002"}],"curies":[{"name":"wp","href":"https:\/\/api.w.org\/{rel}","templated":true}]}}