{"id":239042,"date":"2026-07-28T18:07:25","date_gmt":"2026-07-28T18:07:25","guid":{"rendered":"https:\/\/www.europesays.com\/ee\/239042\/"},"modified":"2026-07-28T18:07:25","modified_gmt":"2026-07-28T18:07:25","slug":"tusk-runnakud-ukrainlaste-vastu-poolas-kahjustavad-riigi-mainet","status":"publish","type":"post","link":"https:\/\/www.europesays.com\/ee\/239042\/","title":{"rendered":"Tusk: r\u00fcnnakud ukrainlaste vastu Poolas kahjustavad riigi mainet"},"content":{"rendered":"<p>V\u00e4givald Ukraina kodanike vastu kahjustab Poola rahvusvahelist mainet ja teenib Venemaa huve, \u00fctles Poola peaminister Donald Tusk p\u00e4rast Wroc\u0142awis aset leidnud brutaalset r\u00fcnnakut ukrainlastest paari vastu, edastas t\u00e4na uudisteportaal Ukrinform.<\/p>\n<p>Tusk r\u00f5hutas enne valitsuse istungit vajadust reageerida kindlalt v\u00e4givallale, eriti ukrainlaste vastu suunatud r\u00fcnnakutele Poola linnade t\u00e4navatel.<\/p>\n","protected":false},"excerpt":{"rendered":"V\u00e4givald Ukraina kodanike vastu kahjustab Poola rahvusvahelist mainet ja teenib Venemaa huve, \u00fctles Poola peaminister Donald Tusk p\u00e4rast&hellip;\n","protected":false},"author":2,"featured_media":239043,"comment_status":"","ping_status":"","sticky":false,"template":"","format":"standard","meta":{"footnotes":"","_share_on_mastodon":"0"},"categories":[80],"tags":[26,27,2213,37,33,35,34,36,31,32,21,94965,7230,28,29,95,19,111,94969,25,94968,94966,23,24,262,1154,22,20,94967,4199,96,30,92,93,94,94964],"class_list":["post-239042","post","type-post","status-publish","format-standard","has-post-thumbnail","category-maailm","tag-breaking-news","tag-breakingnews","tag-donald-tusk","tag-ee","tag-eesti","tag-eesti-keel","tag-estonia","tag-estonian","tag-featured-news","tag-featurednews","tag-headlines","tag-jalgpallihuligaanid","tag-karol-nawrocki","tag-latest-news","tag-latestnews","tag-maailm","tag-news","tag-poola","tag-poola-president","tag-populaarseimad-lood","tag-solidaarsusliikumine","tag-terrorismivastane-uksus","tag-top-stories","tag-topstories","tag-ukraina","tag-ukrinform","tag-uldised-uudised","tag-uudised","tag-vabavoitlusturniirid","tag-varssavi","tag-venemaa","tag-viimased-uudised","tag-world","tag-world-news","tag-worldnews","tag-wroclaw"],"share_on_mastodon":{"url":"","error":"Validation failed: Text character limit of 500 exceeded"},"_links":{"self":[{"href":"https:\/\/www.europesays.com\/ee\/wp-json\/wp\/v2\/posts\/239042","targetHints":{"allow":["GET"]}}],"collection":[{"href":"https:\/\/www.europesays.com\/ee\/wp-json\/wp\/v2\/posts"}],"about":[{"href":"https:\/\/www.europesays.com\/ee\/wp-json\/wp\/v2\/types\/post"}],"author":[{"embeddable":true,"href":"https:\/\/www.europesays.com\/ee\/wp-json\/wp\/v2\/users\/2"}],"replies":[{"embeddable":true,"href":"https:\/\/www.europesays.com\/ee\/wp-json\/wp\/v2\/comments?post=239042"}],"version-history":[{"count":0,"href":"https:\/\/www.europesays.com\/ee\/wp-json\/wp\/v2\/posts\/239042\/revisions"}],"wp:featuredmedia":[{"embeddable":true,"href":"https:\/\/www.europesays.com\/ee\/wp-json\/wp\/v2\/media\/239043"}],"wp:attachment":[{"href":"https:\/\/www.europesays.com\/ee\/wp-json\/wp\/v2\/media?parent=239042"}],"wp:term":[{"taxonomy":"category","embeddable":true,"href":"https:\/\/www.europesays.com\/ee\/wp-json\/wp\/v2\/categories?post=239042"},{"taxonomy":"post_tag","embeddable":true,"href":"https:\/\/www.europesays.com\/ee\/wp-json\/wp\/v2\/tags?post=239042"}],"curies":[{"name":"wp","href":"https:\/\/api.w.org\/{rel}","templated":true}]}}