{"id":239070,"date":"2026-07-28T18:38:11","date_gmt":"2026-07-28T18:38:11","guid":{"rendered":"https:\/\/www.europesays.com\/ee\/239070\/"},"modified":"2026-07-28T18:38:11","modified_gmt":"2026-07-28T18:38:11","slug":"koduse-kergejoustiku-pidupaevad-moodusid-horeda-tribuuni-ees-alaliidu-president-kriitikast-eestis-ongi-koik-kallis-postimees-sport","status":"publish","type":"post","link":"https:\/\/www.europesays.com\/ee\/239070\/","title":{"rendered":"Koduse kergej\u00f5ustiku pidup\u00e4evad m\u00f6\u00f6dusid h\u00f5reda trib\u00fc\u00fcni ees. Alaliidu president kriitikast: Eestis ongi k\u00f5ik kallis &#8211; Postimees Sport"},"content":{"rendered":"<ol>\n<li><a href=\"https:\/\/news.google.com\/rss\/articles\/CBMi4wFBVV95cUxPMUhYSHN6bzZsWml5VjZwQXBXRmtqWFk5LWllUWhoOXpIT0NIcGNaVlRDQkVzUXE3SFlIbnJ2c2VDTEpBSkFacUJLM3l6MEVoV3RxcEhsWU91bm1HdmpWaWRxcjNVQWNqcHRhdjZuekZHQWlRVlhtM3hUVTFOQm9RWWdwSWUwcXdISXFObWpvX3lrQ2lON2FtcHYtMzhhaVBHWU5rT1N4Mlc0VklTbk1xd1ZvZFZsb1hJSXRadTI3bDZNWXBpemVzSlJVa0dIYks2NXotOXNOZGFmOFNNMTMzVDh4VQ?oc=5\" target=\"_blank\" rel=\"nofollow noopener\">Koduse kergej\u00f5ustiku pidup\u00e4evad m\u00f6\u00f6dusid h\u00f5reda trib\u00fc\u00fcni ees. Alaliidu president kriitikast: Eestis ongi k\u00f5ik kallis<\/a>&nbsp;&nbsp;Postimees Sport<\/li>\n<li><a href=\"https:\/\/news.google.com\/rss\/articles\/CBMiggFBVV95cUxQUm50dnltczA2ZG42Ylg3cjYzbk9NTXRkVktSNHEwR2kzLS1vdVc1Z3BBaEd3eUFZZnV5a0tZU1pPdHdiNl9VaFZiUXctRUZ4Y3RmeGwyUzBqQ252RmNFOEhBTWNOM0R2OGJCcmlaOTdJOWdLaUhHd1hJakw1UnBXcWpB?oc=5\" target=\"_blank\" rel=\"nofollow noopener\">Hambidge ohustas t\u00f5kkejooksus Eesti rekordit<\/a>&nbsp;&nbsp;sport | ERR<\/li>\n<li><a href=\"https:\/\/news.google.com\/rss\/articles\/CBMiigFBVV95cUxOcFRlYmtpMDBRUGVUdkNibks4UlFrTE1VWkF3eFRnZ0VVN3hOdXRjZ3N2bTdTWGJodzdBWTNPNVYtX3FkYUNUeEVHVTJBRDIzTjB3b0Y4MEI1S0d0WHpUTVdyZTFfN081RGE2ZHZseEg4d0lVZExSQjM5cGxhRlpDUEkzd09rXzFrbnc?oc=5\" target=\"_blank\" rel=\"nofollow noopener\">Eesti meistriks tulnud Kelly kindlustas EM-piletit<\/a>&nbsp;&nbsp;sport | ERR<\/li>\n<li><a href=\"https:\/\/news.google.com\/rss\/articles\/CBMi6wFBVV95cUxQbEFYeFNfWEkzVkd3ZHZaUDd3NDNjQkoxS0lobmIwVkNRdEg3Y3FHUXpDalBxNGU1Y1dnREMwU2Z6eDZrbVRqSkNYTmVTd1hoaXU1Q0NLaFl4S1lUWHlOdmN2UDBPX2tJZ2tLUUhpV1dpRTNEZXVOR01veTRJYVVUOXJ2LUdrWEtsUVpvQlFJX2ZoVDVFRHZJV3h0VUFKZHRfY3pjT0lMT29JdEtFd2hiSEJOSjAxMXB4YVg5UWFCWmhwcl9saXFaclZ3ZlQzcDJjV3hSM3g2RkRETTh6NW13UHhvbjhEYVdpcmgw?oc=5\" target=\"_blank\" rel=\"nofollow noopener\">Miks p\u00fc\u00fcti Eesti rekordit peaaegu t\u00fchjade trib\u00fc\u00fcnide ees? Alaliit viitab luhta l\u00e4inud ajakavale, f\u00e4nnid piletihindadele<\/a>&nbsp;&nbsp;\u00d5htuleht<\/li>\n<li><a href=\"https:\/\/news.google.com\/rss\/articles\/CBMigARBVV95cUxPbVFCRE9ZMmxMcUNIR1JiM09KZGNpOHE4ZUxaRnloYVFsei1XbTV5Z2l0dUxEeHdrZkx0NmdmUXNqZ1R2Y0lXUmRZeUVpRkNIZjRpYlAtaVZMbC1kOTRNQ3JUOTAyTm1wd0Zha0d0ZHZEdGZPa1Jrb0hFX25jaTFhbkx6cXRSa3BMWHVkOWM1LXNuX19tQXJkU2oxbDVFMEJ2bWNqSmRLcVFjNnJRU21kWnZDdFdLbjREREdEWjVmVlNOUm1SeXQtS2FQeU1PekFGWE9NY191QUxuMi1oYUdMcVhxZllFaHVrZFNBRjAzQVdnTHowRkd1aERTSFUydzlSQ0NvbzY0SlV3c0E5ZkU5QmNUVDQxaG9OcFNsb0E5U0lKV083d3RBSHdkTFVlLTRqbU5ySFRjLXROajh5d19ua1RYZnh2NVJRZlF5X2M1N3c5SkRhTTVRQThmbVgtbmRrd2Vwa1VzOW1Ic2s1blpxSmIyODNzZWNUeDFZdTZFeEM0a0JkU2lVY1BENmdVakxUTGY1eWtVOGlHTk1QNGswa2pkT0l6THFPOXAxZ09lSFhESzZXUHAtMjZ6VWFHX3lQamF5YVBpVEp5OGdjeG9kakxTLTZQSzVVeTNfcnNTVndqdC1CcmJjWUFfdWJ1YVozZFpQLXdMeEN0U3FjY01vTw?oc=5\" target=\"_blank\" rel=\"nofollow noopener\">T\u00c4ISPIKKUSES | Vaata uuesti Eesti kergej\u00f5ustiku meistriv\u00f5istluste teist p\u00e4eva<\/a>&nbsp;&nbsp;Delfi Sport<\/li>\n<\/ol>\n","protected":false},"excerpt":{"rendered":"Koduse kergej\u00f5ustiku pidup\u00e4evad m\u00f6\u00f6dusid h\u00f5reda trib\u00fc\u00fcni ees. Alaliidu president kriitikast: Eestis ongi k\u00f5ik kallis&nbsp;&nbsp;Postimees Sport Hambidge ohustas t\u00f5kkejooksus&hellip;\n","protected":false},"author":2,"featured_media":239071,"comment_status":"","ping_status":"","sticky":false,"template":"","format":"standard","meta":{"footnotes":"","_share_on_mastodon":"0"},"categories":[18],"tags":[37,33,35,13690,94977,34,36,983,2491,1421,36936,1409,159,158],"class_list":["post-239070","post","type-post","status-publish","format-standard","has-post-thumbnail","category-sport","tag-ee","tag-eesti","tag-eesti-keel","tag-eesti-kergejoustikuliit","tag-eesti-meistrivoistlused-kergejoustikus","tag-estonia","tag-estonian","tag-kergejoustik","tag-madis-kallas","tag-parnu","tag-piletiraha","tag-raha","tag-sport","tag-sports"],"share_on_mastodon":{"url":"https:\/\/pubeurope.com\/@ee\/116999061754783610","error":""},"_links":{"self":[{"href":"https:\/\/www.europesays.com\/ee\/wp-json\/wp\/v2\/posts\/239070","targetHints":{"allow":["GET"]}}],"collection":[{"href":"https:\/\/www.europesays.com\/ee\/wp-json\/wp\/v2\/posts"}],"about":[{"href":"https:\/\/www.europesays.com\/ee\/wp-json\/wp\/v2\/types\/post"}],"author":[{"embeddable":true,"href":"https:\/\/www.europesays.com\/ee\/wp-json\/wp\/v2\/users\/2"}],"replies":[{"embeddable":true,"href":"https:\/\/www.europesays.com\/ee\/wp-json\/wp\/v2\/comments?post=239070"}],"version-history":[{"count":0,"href":"https:\/\/www.europesays.com\/ee\/wp-json\/wp\/v2\/posts\/239070\/revisions"}],"wp:featuredmedia":[{"embeddable":true,"href":"https:\/\/www.europesays.com\/ee\/wp-json\/wp\/v2\/media\/239071"}],"wp:attachment":[{"href":"https:\/\/www.europesays.com\/ee\/wp-json\/wp\/v2\/media?parent=239070"}],"wp:term":[{"taxonomy":"category","embeddable":true,"href":"https:\/\/www.europesays.com\/ee\/wp-json\/wp\/v2\/categories?post=239070"},{"taxonomy":"post_tag","embeddable":true,"href":"https:\/\/www.europesays.com\/ee\/wp-json\/wp\/v2\/tags?post=239070"}],"curies":[{"name":"wp","href":"https:\/\/api.w.org\/{rel}","templated":true}]}}