{"id":239100,"date":"2026-07-28T19:22:13","date_gmt":"2026-07-28T19:22:13","guid":{"rendered":"https:\/\/www.europesays.com\/ee\/239100\/"},"modified":"2026-07-28T19:22:13","modified_gmt":"2026-07-28T19:22:13","slug":"molder-oli-iirimaal-voidukas-malogina-kaotas-rumeenias-avaringis","status":"publish","type":"post","link":"https:\/\/www.europesays.com\/ee\/239100\/","title":{"rendered":"M\u00f6lder oli Iirimaal v\u00f5idukas, Mal\u00f5gina kaotas Rumeenias avaringis"},"content":{"rendered":"<p>23-aastane M\u00f6lder, kes on Dublinis 7. asetatud, l\u00e4ks avaringis kokku hispaanlase Pablo Perez Ramosiga (ATP  943.). Eestlane kaotas v\u00f5istlusliku kohtumise avaseti 4:6, kuid v\u00f5itis kaks j\u00e4rgmist vastavalt 7:5, 6:4.<\/p>\n<p>M\u00f6lder l\u00f5i kaks tundi ja 26 minutit kestnud kohtumise jooksul \u00fcheksa \u00e4ssa ja tegi viis topeltviga, vastane l\u00f5i koguni 19 \u00e4ssa ja patustas seitsme topeltveaga. Murdepalle realiseeris M\u00f6lder 10-st kolm ja vastane seitsmest kaks. Mat\u0161i \u00fcldpunktid j\u00e4id Eesti m\u00e4ngija kasuks 99:90.<\/p>\n<p>Turniiri teises ringis l\u00e4heb M\u00f6lder, kes jahib oma teist ITF turniiri v\u00f5itu, kokku 19-aastase ameeriklase Matisse Farzamiga (ATP 1527.).<\/p>\n<p>Kui M\u00f6lder oli avaringis v\u00f5idukas, siis Eesti naiste esireket, 26-aastane Mal\u00f5gina piirdus Rumeenias WTA 125 turniiril \u00fche mat\u0161iga. Mal\u00f5gina tunnistas avaringis ehk 32 parema seas kohaliku Rumeenia m\u00e4ngija lena Ruxandra Bertea (WTA 268.) 6:3, 6:3 paremust.<\/p>\n<p>Eesti meeste teine reket <a rel=\"noopener nofollow\" target=\"_blank\" href=\"https:\/\/www.delfi.ee\/teema\/90823251\/mark-lajal\" tag-id=\"90823251\">Mark Lajal<\/a> (ATP 189.) m\u00e4ngib sel n\u00e4dalal Kanadas Vancouveri <a rel=\"noopener nofollow\" target=\"_blank\" href=\"https:\/\/www.delfi.ee\/teema\/56501364\/atp-challenger\" tag-id=\"56501364\">ATP Challenger<\/a> 125 turniiril. Kaheksandana asetatud Lajal l\u00e4heb avaringis kokku \u00fche kvalifikatsioonist p\u00f5hitabelisse p\u00e4\u00e4senud m\u00e4ngijaga. Oma esimese kohtumise peab eestlane \u00f6\u00f6l vastu neljap\u00e4eva.<\/p>\n<p>Kuidas see lugu Sind end tundma pani? Saada <a href=\"https:\/\/sport.delfi.ee\/artikkel\/120600247\/molder-oli-iirimaal-voidukas-malogina-kaotas-rumeenias-avaringis\/kommentaarid\" class=\"article-body-bottom__comment article-body-bottom__comment--write button button--primary button--size-auto\" rel=\"nofollow noopener\" target=\"_blank\"> Kommenteeri <\/a><a href=\"https:\/\/sport.delfi.ee\/artikkel\/120600247\/molder-oli-iirimaal-voidukas-malogina-kaotas-rumeenias-avaringis\/kommentaarid\" class=\"article-body-bottom__comment article-body-bottom__comment--read button button--size-auto\" rel=\"nofollow noopener\" target=\"_blank\"> Loe kommentaare <\/a><\/p>\n","protected":false},"excerpt":{"rendered":"23-aastane M\u00f6lder, kes on Dublinis 7. asetatud, l\u00e4ks avaringis kokku hispaanlase Pablo Perez Ramosiga (ATP 943.). Eestlane kaotas&hellip;\n","protected":false},"author":2,"featured_media":239101,"comment_status":"","ping_status":"","sticky":false,"template":"","format":"standard","meta":{"footnotes":"","_share_on_mastodon":"0"},"categories":[18],"tags":[9261,37,33,35,555,34,36,35232,557,6878,159,158,2827,31212],"class_list":["post-239100","post","type-post","status-publish","format-standard","has-post-thumbnail","category-sport","tag-atp-challenger","tag-ee","tag-eesti","tag-eesti-keel","tag-elena-malogina","tag-estonia","tag-estonian","tag-itf","tag-mark-lajal","tag-markus-molder","tag-sport","tag-sports","tag-tennis","tag-wta"],"share_on_mastodon":{"url":"https:\/\/pubeurope.com\/@ee\/116999234851230738","error":""},"_links":{"self":[{"href":"https:\/\/www.europesays.com\/ee\/wp-json\/wp\/v2\/posts\/239100","targetHints":{"allow":["GET"]}}],"collection":[{"href":"https:\/\/www.europesays.com\/ee\/wp-json\/wp\/v2\/posts"}],"about":[{"href":"https:\/\/www.europesays.com\/ee\/wp-json\/wp\/v2\/types\/post"}],"author":[{"embeddable":true,"href":"https:\/\/www.europesays.com\/ee\/wp-json\/wp\/v2\/users\/2"}],"replies":[{"embeddable":true,"href":"https:\/\/www.europesays.com\/ee\/wp-json\/wp\/v2\/comments?post=239100"}],"version-history":[{"count":0,"href":"https:\/\/www.europesays.com\/ee\/wp-json\/wp\/v2\/posts\/239100\/revisions"}],"wp:featuredmedia":[{"embeddable":true,"href":"https:\/\/www.europesays.com\/ee\/wp-json\/wp\/v2\/media\/239101"}],"wp:attachment":[{"href":"https:\/\/www.europesays.com\/ee\/wp-json\/wp\/v2\/media?parent=239100"}],"wp:term":[{"taxonomy":"category","embeddable":true,"href":"https:\/\/www.europesays.com\/ee\/wp-json\/wp\/v2\/categories?post=239100"},{"taxonomy":"post_tag","embeddable":true,"href":"https:\/\/www.europesays.com\/ee\/wp-json\/wp\/v2\/tags?post=239100"}],"curies":[{"name":"wp","href":"https:\/\/api.w.org\/{rel}","templated":true}]}}