{"id":239146,"date":"2026-07-28T20:45:08","date_gmt":"2026-07-28T20:45:08","guid":{"rendered":"https:\/\/www.europesays.com\/ee\/239146\/"},"modified":"2026-07-28T20:45:08","modified_gmt":"2026-07-28T20:45:08","slug":"lilian-bristol-esna-galerii-on-puhendatud-meisterlikkusele-ja-aeglustumisele-kunst","status":"publish","type":"post","link":"https:\/\/www.europesays.com\/ee\/239146\/","title":{"rendered":"Lilian Bristol: Esna galerii on p\u00fchendatud meisterlikkusele ja aeglustumisele | Kunst"},"content":{"rendered":"<p>J\u00e4rvamaal Esna galeriis on sel suvel avatud Natalia Veltchinskaya n\u00e4itus &#8220;Herbaarium&#8221;, mille tikitud taimeportreed s\u00fcndisid kunstniku m\u00e4lestustest Eestist. Galerii eestvedaja Lilian Bristol \u00fctles saates &#8220;Delta&#8221;, et Esna galerii on p\u00fchendatud meisterlikkusele ja aeglustumisele.<\/p>\n<p>Esna galerii asub Lilian Bristoli kodus J\u00e4rvamaal ning \u00fchendab perekonna igap\u00e4evaelu, k\u00e4sit\u00f6\u00f6kojad ja n\u00e4ituseruumi.<\/p>\n<p>&#8220;Meie jaoks on see ennek\u00f5ike kodu. Koht, kus me oleme 20 aastat elanud ja kus kasvab meie neljalapseline perekond. Koht, kus on meie kaks t\u00f6\u00f6koda: minu tekstiili- ja kuldtikandi t\u00f6\u00f6koda ja abikaasa restaureerimis- ja kuldamist\u00f6\u00f6koda. Kaks t\u00f6\u00f6koda on kummalgi pool ja keskel on Esna galerii. Seitse aastat tagasi avasime siin meisterlikkusele ja aeglustumisele p\u00fchendatud galerii,&#8221; r\u00e4\u00e4kis Bristol.<\/p>\n<p>Sel suvel on Esna galeriis v\u00e4ljas Natalia Veltchinskaya n\u00e4itus &#8220;Herbaarium&#8221;. Moskvast p\u00e4rit kunstnik veetis lapsep\u00f5lves k\u00f5ik suved V\u00f5sul ja K\u00e4smus ning soovis koroonapandeemia eel taas Eestisse tulla. Kuid kui piirid sulgusid, hakkas ta tikanditesse talletama oma m\u00e4lestusi Eesti loodusest.<\/p>\n<p>Bristoli s\u00f5nul on v\u00e4ljapanek erakordne just selle poolest, et k\u00f5ik taimed on tikitud ilma eeljoonistuste v\u00f5i kavanditeta. Kunstnik alustab t\u00f6\u00f6d kohe n\u00f5ela ja niidiga ning tugineb \u00fcksnes m\u00e4lule.<\/p>\n<p>&#8220;Natalia on tegelikult graafik, kalligraaf. V\u00f5ib-olla t\u00e4nu sellele ta ei aimanud, kui ta seda tegema hakkas, mis sellest saab v\u00f5i kui paljudele tekstiilikunstnikele tundub, et see on v\u00f5imatu. Kuna ta ei teadnud seda karta, siis see on \u00fcks n\u00e4ide sellest, kui erinevalt inimesed Covidi ajal oma aega sisustasid,&#8221; lausus ta.<\/p>\n<p>Eriti avaldas Bristolile muljet kunstniku v\u00f5ime edasi anda taimede k\u00f5ige v\u00e4iksemaidki detaile.<\/p>\n<p>&#8220;Mustikalehe \u00e4\u00e4res on n\u00e4ha natukene roostetanud \u00e4\u00e4r. Ta ei ole perfektselt roheline, vaid on natukene koltunud. Punase s\u00f5stra lehed on natukene kortsus, pohlalehed on paksud ja nahkjad,&#8221; kirjeldas ta.<\/p>\n<p>N\u00e4itus saabus Eestisse juba enne Venemaa t\u00e4iemahulist sissetungi Ukrainasse, kuid j\u00e4i s\u00f5ja t\u00f5ttu aastateks sathlisse. Koost\u00f6\u00f6s Ukraina kultuuri keskusega otsustati n\u00e4itus siiski avada, sest kunstnik ja tema perekond olid avalikult s\u00f5ja vastu ning pidid Venemaalt lahkuma.<\/p>\n<p>&#8220;Umbes kolmandal s\u00f5jap\u00e4eval koputasid musta mantliga mehed uksele ja \u00fctlesid, et teate, teil on 20-aastane poeg, me hea meelega saadaks ta homme rindele. L\u00f5ppes nii, et nad pakkisid \u00f6\u00f6sel kohvris ning pagesid poja Venemaalt minema,&#8221; r\u00e4\u00e4kis Bristol. Esmalt elas perekond Gruusias ning hiljem Iisraelis.<\/p>\n<p>Tegemist on ainsa Veltchinskaya loomingu n\u00e4itusega, mis on praegu v\u00e4ljaspool Venemaad. Esnas v\u00e4ljas olevad t\u00f6\u00f6d on \u00fchtlasi ainsad, millele kunstnikul ligip\u00e4\u00e4s on.<\/p>\n<p>&#8220;\u00dctleme nii, et meil on pagulaskunstin\u00e4itus praegu. Me ei saa neid inimesi diskrimineerida selle p\u00f5hjal, et nad on vales riigis s\u00fcndinud, sest ka nemad on v\u00e4ga k\u00f5vasti pihta saanud,&#8221; lausus Bristol.<\/p>\n","protected":false},"excerpt":{"rendered":"J\u00e4rvamaal Esna galeriis on sel suvel avatud Natalia Veltchinskaya n\u00e4itus &#8220;Herbaarium&#8221;, mille tikitud taimeportreed s\u00fcndisid kunstniku m\u00e4lestustest Eestist.&hellip;\n","protected":false},"author":2,"featured_media":239147,"comment_status":"","ping_status":"","sticky":false,"template":"","format":"standard","meta":{"footnotes":"","_share_on_mastodon":"0"},"categories":[89],"tags":[227,225,226,228,37,33,35,173,94995,34,36,229,230,94996,140],"class_list":["post-239146","post","type-post","status-publish","format-standard","has-post-thumbnail","category-kunst-ja-kujundus","tag-arts","tag-arts-and-design","tag-artsdesign","tag-design","tag-ee","tag-eesti","tag-eesti-keel","tag-entertainment","tag-esna-galerii","tag-estonia","tag-estonian","tag-kunst-ja-kujundus","tag-kunstkujundus","tag-lilian-bristol","tag-meelelahutus"],"share_on_mastodon":{"url":"https:\/\/pubeurope.com\/@ee\/116999561628916351","error":""},"_links":{"self":[{"href":"https:\/\/www.europesays.com\/ee\/wp-json\/wp\/v2\/posts\/239146","targetHints":{"allow":["GET"]}}],"collection":[{"href":"https:\/\/www.europesays.com\/ee\/wp-json\/wp\/v2\/posts"}],"about":[{"href":"https:\/\/www.europesays.com\/ee\/wp-json\/wp\/v2\/types\/post"}],"author":[{"embeddable":true,"href":"https:\/\/www.europesays.com\/ee\/wp-json\/wp\/v2\/users\/2"}],"replies":[{"embeddable":true,"href":"https:\/\/www.europesays.com\/ee\/wp-json\/wp\/v2\/comments?post=239146"}],"version-history":[{"count":0,"href":"https:\/\/www.europesays.com\/ee\/wp-json\/wp\/v2\/posts\/239146\/revisions"}],"wp:featuredmedia":[{"embeddable":true,"href":"https:\/\/www.europesays.com\/ee\/wp-json\/wp\/v2\/media\/239147"}],"wp:attachment":[{"href":"https:\/\/www.europesays.com\/ee\/wp-json\/wp\/v2\/media?parent=239146"}],"wp:term":[{"taxonomy":"category","embeddable":true,"href":"https:\/\/www.europesays.com\/ee\/wp-json\/wp\/v2\/categories?post=239146"},{"taxonomy":"post_tag","embeddable":true,"href":"https:\/\/www.europesays.com\/ee\/wp-json\/wp\/v2\/tags?post=239146"}],"curies":[{"name":"wp","href":"https:\/\/api.w.org\/{rel}","templated":true}]}}