{"id":23921,"date":"2025-10-20T20:04:16","date_gmt":"2025-10-20T20:04:16","guid":{"rendered":"https:\/\/www.europesays.com\/ee\/23921\/"},"modified":"2025-10-20T20:04:16","modified_gmt":"2025-10-20T20:04:16","slug":"uued-detailid-%e2%9f%a9-uurijad-avaldasid-sokeeriva-poorde-traagilisest-lennuonnetusest-milles-hukkus-kantritaht-brett-james","status":"publish","type":"post","link":"https:\/\/www.europesays.com\/ee\/23921\/","title":{"rendered":"UUED DETAILID \u27e9 Uurijad avaldasid \u0161okeeriva p\u00f6\u00f6rde traagilisest lennu\u00f5nnetusest, milles hukkus kantrit\u00e4ht Brett James"},"content":{"rendered":"<p>Hiljutine raport paljastab uusi \u00fcksikasju lennu\u00f5nnetusest, milles hukkus Grammyga p\u00e4rjatud laulja ja laulukirjutaja Brett James, tema abikaasa Melody Carole ja t\u00fctar Meryl Wilson. \u00d5nnetus leidis aset 18. septembril P\u00f5hja-Carolinas.<\/p>\n<p>Lennuk kukkus alla enne maandumist<\/p>\n<p>57-aastane Brett James juhtis Cirrus SR22T t\u00fc\u00fcpi v\u00e4ikelennukit, mis oli teel Nashville\u2019i John C. Tune\u2019i lennuv\u00e4ljalt Maconi maakonna lennujaama.<br \/>NTSB (Ameerika transpordiohutuse n\u00f5ukogu) raporti j\u00e4rgi andis James maandumisele l\u00e4henedes teada k\u00f5rgusest umbes 2073 meetrit ja kavatsusest teha 360-kraadine p\u00f6\u00f6re enne maandumist. M\u00f5ni hetk hiljem hakkas lennuk j\u00e4rsult p\u00f6\u00f6rlema ja kaotas k\u00f5rguse.<\/p>\n","protected":false},"excerpt":{"rendered":"Hiljutine raport paljastab uusi \u00fcksikasju lennu\u00f5nnetusest, milles hukkus Grammyga p\u00e4rjatud laulja ja laulukirjutaja Brett James, tema abikaasa Melody&hellip;\n","protected":false},"author":2,"featured_media":23922,"comment_status":"","ping_status":"","sticky":false,"template":"","format":"standard","meta":{"footnotes":"","_share_on_mastodon":"0"},"categories":[16],"tags":[882,37,33,35,173,34,36,880,140,2606],"class_list":["post-23921","post","type-post","status-publish","format-standard","has-post-thumbnail","category-meelelahutus","tag-brett-james","tag-ee","tag-eesti","tag-eesti-keel","tag-entertainment","tag-estonia","tag-estonian","tag-lennuonnetus","tag-meelelahutus","tag-onnetus"],"share_on_mastodon":{"url":"","error":""},"_links":{"self":[{"href":"https:\/\/www.europesays.com\/ee\/wp-json\/wp\/v2\/posts\/23921","targetHints":{"allow":["GET"]}}],"collection":[{"href":"https:\/\/www.europesays.com\/ee\/wp-json\/wp\/v2\/posts"}],"about":[{"href":"https:\/\/www.europesays.com\/ee\/wp-json\/wp\/v2\/types\/post"}],"author":[{"embeddable":true,"href":"https:\/\/www.europesays.com\/ee\/wp-json\/wp\/v2\/users\/2"}],"replies":[{"embeddable":true,"href":"https:\/\/www.europesays.com\/ee\/wp-json\/wp\/v2\/comments?post=23921"}],"version-history":[{"count":0,"href":"https:\/\/www.europesays.com\/ee\/wp-json\/wp\/v2\/posts\/23921\/revisions"}],"wp:featuredmedia":[{"embeddable":true,"href":"https:\/\/www.europesays.com\/ee\/wp-json\/wp\/v2\/media\/23922"}],"wp:attachment":[{"href":"https:\/\/www.europesays.com\/ee\/wp-json\/wp\/v2\/media?parent=23921"}],"wp:term":[{"taxonomy":"category","embeddable":true,"href":"https:\/\/www.europesays.com\/ee\/wp-json\/wp\/v2\/categories?post=23921"},{"taxonomy":"post_tag","embeddable":true,"href":"https:\/\/www.europesays.com\/ee\/wp-json\/wp\/v2\/tags?post=23921"}],"curies":[{"name":"wp","href":"https:\/\/api.w.org\/{rel}","templated":true}]}}