{"id":239290,"date":"2026-07-29T04:45:09","date_gmt":"2026-07-29T04:45:09","guid":{"rendered":"https:\/\/www.europesays.com\/ee\/239290\/"},"modified":"2026-07-29T04:45:09","modified_gmt":"2026-07-29T04:45:09","slug":"medvedev-eitas-mobilisatsiooni-ettevalmistamist-venemaal-2","status":"publish","type":"post","link":"https:\/\/www.europesays.com\/ee\/239290\/","title":{"rendered":"Medvedev eitas mobilisatsiooni ettevalmistamist Venemaal"},"content":{"rendered":"<p>\u00abVaenlase katsed levitada kuuldusi Venemaal ettevalmistamisel olevast mobilisatsioonist pole miskit muud, kui valelik provokatsioon. See on osa propagandast valimiste l\u00e4henedes. Nad loomulikult \u00fcritavad destabiliseerida olukorda riigis, tekitada negatiivseid meeleolusid,\u00bb \u00fctles Medvedev julgeolekun\u00f5ukogu komisjoni koosolekul, kus arutati armee mehitamise k\u00fcsimusi lepinguliste s\u00f5duritega.<\/p>\n<p>Medvedev toonitas, et sellised katsed ilmnevad erinevatel viisidel, kirjutab Interfax \u2013 n\u00e4iteks levivad sotsiaalmeedias kirjutised, kus kodanikke agiteeritakse s\u00f5lmima s\u00f5jav\u00e4ega lepinguid ning tekstide s\u00f5nastus on selline: \u00ab\u00c4rge oodake mobilisatsiooni, minge ja teenige raha eest.\u00bb<\/p>\n<p>\u00abIlmselgelt on see kinnimakstud lugu, v\u00f5i vaenlase poolt ette visatud lugu,\u00bb lisas Medvedev ning palus vastutavatel isikutel igal tasandil sellistele k\u00fcsimustele t\u00e4helepanu p\u00f6\u00f6rata.<\/p>\n<p>\u00abVeelkord: ma tahaksin toonitada, et mobilisatsiooniks vajadust pole. See on vaenlase vale, kes ise kogeb inimressursside nappust, seal lihtsalt pole kedagi kes v\u00f5itleks,\u00bb \u00fctles Medvedev.<\/p>\n<p>Ta t\u00f5i v\u00e4lja, et teha on tarvis selgitust\u00f6\u00f6d, et rahvas saaks aru, kuidas olukord tegelikult v\u00e4lja n\u00e4eb.<\/p>\n","protected":false},"excerpt":{"rendered":"\u00abVaenlase katsed levitada kuuldusi Venemaal ettevalmistamisel olevast mobilisatsioonist pole miskit muud, kui valelik provokatsioon. See on osa propagandast&hellip;\n","protected":false},"author":2,"featured_media":239291,"comment_status":"","ping_status":"","sticky":false,"template":"","format":"standard","meta":{"footnotes":"","_share_on_mastodon":"0"},"categories":[80],"tags":[26,27,2267,37,33,35,34,36,31,32,21,28,29,95029,95,6822,19,25,616,397,23,24,22,20,96,95028,30,92,93,94],"class_list":["post-239290","post","type-post","status-publish","format-standard","has-post-thumbnail","category-maailm","tag-breaking-news","tag-breakingnews","tag-dmitri-medvedev","tag-ee","tag-eesti","tag-eesti-keel","tag-estonia","tag-estonian","tag-featured-news","tag-featurednews","tag-headlines","tag-latest-news","tag-latestnews","tag-lepinguline-ajateenistus","tag-maailm","tag-mobilisatsioon","tag-news","tag-populaarseimad-lood","tag-propaganda","tag-sotsiaalmeedia","tag-top-stories","tag-topstories","tag-uldised-uudised","tag-uudised","tag-venemaa","tag-venemaa-julgeolekunoukogu","tag-viimased-uudised","tag-world","tag-world-news","tag-worldnews"],"share_on_mastodon":{"url":"https:\/\/pubeurope.com\/@ee\/117001448674348470","error":""},"_links":{"self":[{"href":"https:\/\/www.europesays.com\/ee\/wp-json\/wp\/v2\/posts\/239290","targetHints":{"allow":["GET"]}}],"collection":[{"href":"https:\/\/www.europesays.com\/ee\/wp-json\/wp\/v2\/posts"}],"about":[{"href":"https:\/\/www.europesays.com\/ee\/wp-json\/wp\/v2\/types\/post"}],"author":[{"embeddable":true,"href":"https:\/\/www.europesays.com\/ee\/wp-json\/wp\/v2\/users\/2"}],"replies":[{"embeddable":true,"href":"https:\/\/www.europesays.com\/ee\/wp-json\/wp\/v2\/comments?post=239290"}],"version-history":[{"count":0,"href":"https:\/\/www.europesays.com\/ee\/wp-json\/wp\/v2\/posts\/239290\/revisions"}],"wp:featuredmedia":[{"embeddable":true,"href":"https:\/\/www.europesays.com\/ee\/wp-json\/wp\/v2\/media\/239291"}],"wp:attachment":[{"href":"https:\/\/www.europesays.com\/ee\/wp-json\/wp\/v2\/media?parent=239290"}],"wp:term":[{"taxonomy":"category","embeddable":true,"href":"https:\/\/www.europesays.com\/ee\/wp-json\/wp\/v2\/categories?post=239290"},{"taxonomy":"post_tag","embeddable":true,"href":"https:\/\/www.europesays.com\/ee\/wp-json\/wp\/v2\/tags?post=239290"}],"curies":[{"name":"wp","href":"https:\/\/api.w.org\/{rel}","templated":true}]}}