{"id":239688,"date":"2026-07-29T12:40:10","date_gmt":"2026-07-29T12:40:10","guid":{"rendered":"https:\/\/www.europesays.com\/ee\/239688\/"},"modified":"2026-07-29T12:40:10","modified_gmt":"2026-07-29T12:40:10","slug":"ajalooline-hoone-tallinna-tn-11-sai-uued-omanikud-majale-soovitakse-anda-uus-elu-ja-hing","status":"publish","type":"post","link":"https:\/\/www.europesays.com\/ee\/239688\/","title":{"rendered":"Ajalooline hoone Tallinna tn 11 sai uued omanikud: majale soovitakse anda uus elu ja hing"},"content":{"rendered":"<p>Kuressaare kesklinnas asuv sajanditepikkuse ajalooga Tallinna tn 11 kinnistu on leidnud uued omanikud. Saarlaste Ivo Merioja, Mart Maastiku ja kinnisvaraettev\u00f5tja Hannes Pihli k\u00e4e all on plaanis taastada hoone positsioon linna s\u00fcdames ning hoida see linnarahvale maksimaalselt avatuna.<\/p>\n<p class=\"MsoNormal\">Kui varemalt on k\u00f5lanud ideid ehitada ajaloolisse hoonesse korterid, siis uute omanike n\u00e4gemus on suunatud avalikule ruumile, olemasolevate rentnike toetamisele ja uute teenuste pakkumisele.<\/p>\n","protected":false},"excerpt":{"rendered":"Kuressaare kesklinnas asuv sajanditepikkuse ajalooga Tallinna tn 11 kinnistu on leidnud uued omanikud. Saarlaste Ivo Merioja, Mart Maastiku&hellip;\n","protected":false},"author":2,"featured_media":239689,"comment_status":"","ping_status":"","sticky":false,"template":"","format":"standard","meta":{"footnotes":"","_share_on_mastodon":"0"},"categories":[80],"tags":[60153,26,27,37,33,35,34,36,31,32,21,85978,28,29,95,19,95167,25,7916,95168,95166,23,24,22,20,30,92,93,94],"class_list":["post-239688","post","type-post","status-publish","format-standard","has-post-thumbnail","category-maailm","tag-ajalooline-hoone","tag-breaking-news","tag-breakingnews","tag-ee","tag-eesti","tag-eesti-keel","tag-estonia","tag-estonian","tag-featured-news","tag-featurednews","tag-headlines","tag-kuressaare-kesklinn","tag-latest-news","tag-latestnews","tag-maailm","tag-news","tag-padaste-koda","tag-populaarseimad-lood","tag-postkontor","tag-riia-kommertspanga-kuressaare-osakond","tag-tallinna-tn-11","tag-top-stories","tag-topstories","tag-uldised-uudised","tag-uudised","tag-viimased-uudised","tag-world","tag-world-news","tag-worldnews"],"share_on_mastodon":{"url":"https:\/\/pubeurope.com\/@ee\/117003316449320694","error":""},"_links":{"self":[{"href":"https:\/\/www.europesays.com\/ee\/wp-json\/wp\/v2\/posts\/239688","targetHints":{"allow":["GET"]}}],"collection":[{"href":"https:\/\/www.europesays.com\/ee\/wp-json\/wp\/v2\/posts"}],"about":[{"href":"https:\/\/www.europesays.com\/ee\/wp-json\/wp\/v2\/types\/post"}],"author":[{"embeddable":true,"href":"https:\/\/www.europesays.com\/ee\/wp-json\/wp\/v2\/users\/2"}],"replies":[{"embeddable":true,"href":"https:\/\/www.europesays.com\/ee\/wp-json\/wp\/v2\/comments?post=239688"}],"version-history":[{"count":0,"href":"https:\/\/www.europesays.com\/ee\/wp-json\/wp\/v2\/posts\/239688\/revisions"}],"wp:featuredmedia":[{"embeddable":true,"href":"https:\/\/www.europesays.com\/ee\/wp-json\/wp\/v2\/media\/239689"}],"wp:attachment":[{"href":"https:\/\/www.europesays.com\/ee\/wp-json\/wp\/v2\/media?parent=239688"}],"wp:term":[{"taxonomy":"category","embeddable":true,"href":"https:\/\/www.europesays.com\/ee\/wp-json\/wp\/v2\/categories?post=239688"},{"taxonomy":"post_tag","embeddable":true,"href":"https:\/\/www.europesays.com\/ee\/wp-json\/wp\/v2\/tags?post=239688"}],"curies":[{"name":"wp","href":"https:\/\/api.w.org\/{rel}","templated":true}]}}