{"id":239730,"date":"2026-07-29T13:22:12","date_gmt":"2026-07-29T13:22:12","guid":{"rendered":"https:\/\/www.europesays.com\/ee\/239730\/"},"modified":"2026-07-29T13:22:12","modified_gmt":"2026-07-29T13:22:12","slug":"viljandist-parit-mihkel-lopp-siirdub-saksamaa-2-bundesliga-klubisse","status":"publish","type":"post","link":"https:\/\/www.europesays.com\/ee\/239730\/","title":{"rendered":"Viljandist p\u00e4rit Mihkel L\u00f5pp siirdub Saksamaa 2. Bundesliga klubisse"},"content":{"rendered":"<p>L\u00f5pp liitub Dessau klubiga p\u00e4rast seda, kui meeskond j\u00e4i hooaja eel ilma oma p\u00f5hilisest tagam\u00e4ngijast Martin B\u0159ezinast, kes rebestas treeningul p\u00f5lve eesmise ristatisideme ja k\u00fclgsideme ning peab kogu algava hooaja vahele j\u00e4tma.<\/p>\n<p>Viljandi k\u00e4sipallikoolist sirgunud ja Viljandi HC-s t\u00e4iskasvanute tasemel m\u00e4nginud L\u00f5pp siirdus Saksamaale 2022. aastal, liitudes EHV Auega. Kolme hooaja jooksul kujunes temast \u00fcks klubi kandvamaid m\u00e4ngijaid. M\u00f6\u00f6dunud hooajal viskas ta Saksamaa tugevuselt kolmandas liigas 22 kohtumises 101 v\u00e4ravat.<\/p>\n<p>1,89 meetri pikkune paremak\u00e4eline tagam\u00e4ngija kuulub ka Eesti koondise p\u00f5hikoosseisu ning on viimastel aastatel olnud \u00fcks rahvusmeeskonna v\u00f5tmem\u00e4ngijaid.<\/p>\n<p>Dessau-Ro\u00dflauer HV peatreener Vanja Radi\u0107 \u00fctles klubi pressiteate vahendusel, et B\u0159ezina raske vigastus sundis kiiresti turult asendajat otsima.<\/p>\n<p>&#8220;Mihkel tunneb Saksamaa k\u00e4sipalli juba h\u00e4sti. Ta toob meie tagaliini kiirust, m\u00e4ngutarkust ja mitmek\u00fclgsust. Oleme veendunud, et ta sulandub kiiresti meeskonda ja aitab meid sportlikult edasi,&#8221; lausus Radi\u0107.<\/p>\n<p>Mihkel L\u00f5pp nentis, et pakkumine oli ootamatu, kuid otsust ei olnud keeruline teha.<\/p>\n","protected":false},"excerpt":{"rendered":"L\u00f5pp liitub Dessau klubiga p\u00e4rast seda, kui meeskond j\u00e4i hooaja eel ilma oma p\u00f5hilisest tagam\u00e4ngijast Martin B\u0159ezinast, kes&hellip;\n","protected":false},"author":2,"featured_media":239731,"comment_status":"","ping_status":"","sticky":false,"template":"","format":"standard","meta":{"footnotes":"","_share_on_mastodon":"0"},"categories":[18],"tags":[37,33,35,34,36,3019,95179,159,158],"class_list":["post-239730","post","type-post","status-publish","format-standard","has-post-thumbnail","category-sport","tag-ee","tag-eesti","tag-eesti-keel","tag-estonia","tag-estonian","tag-kasipall","tag-mihkel-lopp","tag-sport","tag-sports"],"share_on_mastodon":{"url":"https:\/\/pubeurope.com\/@ee\/117003481955589016","error":""},"_links":{"self":[{"href":"https:\/\/www.europesays.com\/ee\/wp-json\/wp\/v2\/posts\/239730","targetHints":{"allow":["GET"]}}],"collection":[{"href":"https:\/\/www.europesays.com\/ee\/wp-json\/wp\/v2\/posts"}],"about":[{"href":"https:\/\/www.europesays.com\/ee\/wp-json\/wp\/v2\/types\/post"}],"author":[{"embeddable":true,"href":"https:\/\/www.europesays.com\/ee\/wp-json\/wp\/v2\/users\/2"}],"replies":[{"embeddable":true,"href":"https:\/\/www.europesays.com\/ee\/wp-json\/wp\/v2\/comments?post=239730"}],"version-history":[{"count":0,"href":"https:\/\/www.europesays.com\/ee\/wp-json\/wp\/v2\/posts\/239730\/revisions"}],"wp:featuredmedia":[{"embeddable":true,"href":"https:\/\/www.europesays.com\/ee\/wp-json\/wp\/v2\/media\/239731"}],"wp:attachment":[{"href":"https:\/\/www.europesays.com\/ee\/wp-json\/wp\/v2\/media?parent=239730"}],"wp:term":[{"taxonomy":"category","embeddable":true,"href":"https:\/\/www.europesays.com\/ee\/wp-json\/wp\/v2\/categories?post=239730"},{"taxonomy":"post_tag","embeddable":true,"href":"https:\/\/www.europesays.com\/ee\/wp-json\/wp\/v2\/tags?post=239730"}],"curies":[{"name":"wp","href":"https:\/\/api.w.org\/{rel}","templated":true}]}}