{"id":239740,"date":"2026-07-29T13:33:12","date_gmt":"2026-07-29T13:33:12","guid":{"rendered":"https:\/\/www.europesays.com\/ee\/239740\/"},"modified":"2026-07-29T13:33:12","modified_gmt":"2026-07-29T13:33:12","slug":"cristiano-ronaldo-endine-klubikaaslane-ma-ei-kadesta-teda-sest-tema-elu-on-nagu-vangla","status":"publish","type":"post","link":"https:\/\/www.europesays.com\/ee\/239740\/","title":{"rendered":"Cristiano Ronaldo endine klubikaaslane: ma ei kadesta teda, sest tema elu on nagu vangla"},"content":{"rendered":"<p>Szczesny ja Ronaldo m\u00e4ngisid koos Torino <a rel=\"noopener nofollow\" target=\"_blank\" href=\"https:\/\/www.delfi.ee\/teema\/96933590\/juventus\" tag-id=\"96933590\">Juventuses<\/a> aastatel 2018-2021. Sel perioodil \u00f5ppisid kaks jalgpallurit teineteist v\u00e4ga h\u00e4sti tundma. Tuleb v\u00e4lja, et Szczesny pole Ronaldo peale mingil moel kade.<\/p>\n<p>\u201eTa v\u00e4\u00e4rib k\u00f5ike, mis tal on. Tunnen isegi natuke uhkust, et olen saanud sellise inimesega riietusruumi jagada. Kuid hoolimata sellest ma oma elu tema omaga \u00e4ra ei vahetaks,\u201c \u00fctles Szcz\u0119sny Poola v\u00e4ljaande Onet.pl teatel.<\/p>\n<p>Poola koondise v\u00e4ravavaht avaldas, et suure kuulsuse t\u00f5ttu pole Ronaldol v\u00f5imalik elada sellist elu nagu jalgpallur ise sooviks.<\/p>\n<p>\u201eKui Ronaldo tegi Torinos oma \u00fc\u00fcritud majas suurt remonti, k\u00fcsisin temalt, miks ta seda teeb, kuna ta oli elanud Torinos vaid kolm v\u00f5i neli aastat. Ta vastas: \u201eWojtek, sina v\u00f5id kinno minna, aga mina pean kodus olema.\u201c,\u201c r\u00e4\u00e4kis Szczesny.<\/p>\n<p>\u201eM\u00f5tlesin siis, et kurat, mina v\u00f5in m\u00fctsi p\u00e4he panna ja v\u00e4lja minna, aga tema ei saa oma pojaga bowlingut m\u00e4ngima minna. See on tore, kui sul on raha kodu renoveerimiseks, aga ma ise l\u00e4hen pigem oma pojaga bowlingut m\u00e4ngima,\u201c j\u00e4tkas v\u00e4ravavaht.<\/p>\n<p>Szczesny lisas, et kuigi ka tema on Poolas keskmisest kuulsam, on tal v\u00f5imalik elada tavalise inimese elu. Ronaldol aga seda v\u00f5imalust pole, Szcz\u0119sny s\u00f5nul elab ta vaid nelja seina vahel.<\/p>\n<p>\u201eSee on natuke nagu vangla. Ma ei kadesta teda selle p\u00e4rast, aga see on hind, mida ta peab maksma selle eest, et j\u00f5udis absoluutsesse tippu,\u201c t\u00f5des Szczesny.<\/p>\n<p>Kuidas see lugu Sind end tundma pani? Saada <a href=\"https:\/\/sport.delfi.ee\/artikkel\/120600427\/cristiano-ronaldo-endine-klubikaaslane-ma-ei-kadesta-teda-sest-tema-elu-on-nagu-vangla\/kommentaarid\" class=\"article-body-bottom__comment article-body-bottom__comment--write button button--primary button--size-auto\" rel=\"nofollow noopener\" target=\"_blank\"> Kommenteeri <\/a><a href=\"https:\/\/sport.delfi.ee\/artikkel\/120600427\/cristiano-ronaldo-endine-klubikaaslane-ma-ei-kadesta-teda-sest-tema-elu-on-nagu-vangla\/kommentaarid\" class=\"article-body-bottom__comment article-body-bottom__comment--read button button--size-auto\" rel=\"nofollow noopener\" target=\"_blank\"> Loe kommentaare (1)<\/a><\/p>\n","protected":false},"excerpt":{"rendered":"Szczesny ja Ronaldo m\u00e4ngisid koos Torino Juventuses aastatel 2018-2021. Sel perioodil \u00f5ppisid kaks jalgpallurit teineteist v\u00e4ga h\u00e4sti tundma.&hellip;\n","protected":false},"author":2,"featured_media":239741,"comment_status":"","ping_status":"","sticky":false,"template":"","format":"standard","meta":{"footnotes":"","_share_on_mastodon":"0"},"categories":[18],"tags":[3887,37,33,35,34,36,172,1149,142,95180,159,158],"class_list":["post-239740","post","type-post","status-publish","format-standard","has-post-thumbnail","category-sport","tag-cristiano-ronaldo","tag-ee","tag-eesti","tag-eesti-keel","tag-estonia","tag-estonian","tag-jalgpall","tag-juventus","tag-kuulsus","tag-poola-jalgpallikoondis","tag-sport","tag-sports"],"share_on_mastodon":{"url":"https:\/\/pubeurope.com\/@ee\/117003524795005042","error":""},"_links":{"self":[{"href":"https:\/\/www.europesays.com\/ee\/wp-json\/wp\/v2\/posts\/239740","targetHints":{"allow":["GET"]}}],"collection":[{"href":"https:\/\/www.europesays.com\/ee\/wp-json\/wp\/v2\/posts"}],"about":[{"href":"https:\/\/www.europesays.com\/ee\/wp-json\/wp\/v2\/types\/post"}],"author":[{"embeddable":true,"href":"https:\/\/www.europesays.com\/ee\/wp-json\/wp\/v2\/users\/2"}],"replies":[{"embeddable":true,"href":"https:\/\/www.europesays.com\/ee\/wp-json\/wp\/v2\/comments?post=239740"}],"version-history":[{"count":0,"href":"https:\/\/www.europesays.com\/ee\/wp-json\/wp\/v2\/posts\/239740\/revisions"}],"wp:featuredmedia":[{"embeddable":true,"href":"https:\/\/www.europesays.com\/ee\/wp-json\/wp\/v2\/media\/239741"}],"wp:attachment":[{"href":"https:\/\/www.europesays.com\/ee\/wp-json\/wp\/v2\/media?parent=239740"}],"wp:term":[{"taxonomy":"category","embeddable":true,"href":"https:\/\/www.europesays.com\/ee\/wp-json\/wp\/v2\/categories?post=239740"},{"taxonomy":"post_tag","embeddable":true,"href":"https:\/\/www.europesays.com\/ee\/wp-json\/wp\/v2\/tags?post=239740"}],"curies":[{"name":"wp","href":"https:\/\/api.w.org\/{rel}","templated":true}]}}