{"id":239894,"date":"2026-07-29T17:15:10","date_gmt":"2026-07-29T17:15:10","guid":{"rendered":"https:\/\/www.europesays.com\/ee\/239894\/"},"modified":"2026-07-29T17:15:10","modified_gmt":"2026-07-29T17:15:10","slug":"ukraina-olumpiakomitee-kaebas-venemaa-liikmelisuse-taastamise-cas-i-olumpialiikumine","status":"publish","type":"post","link":"https:\/\/www.europesays.com\/ee\/239894\/","title":{"rendered":"Ukraina ol\u00fcmpiakomitee kaebas Venemaa liikmelisuse taastamise CAS-i | Ol\u00fcmpialiikumine"},"content":{"rendered":"<p>Ukraina ol\u00fcmpiakomitee teatas kolmap\u00e4eval, et on Rahvusvahelise ol\u00fcmpiakomitee ROK-i otsuse Venemaa ol\u00fcmpiakomitee liikmelisus taastada edasi kaevanud rahvusvahelisse spordiarbitraa\u017ei CAS-i.<\/p>\n<p>ROK-i t\u00e4itevkomitee\u00a0otsustas\u00a07. juulil Lausanne&#8217;is t\u00fchistada Venemaa ol\u00fcmpiakomitee tegevuskeelu. ROK peatas Venemaa ol\u00fcmpiakomitee (VOK) liikmelisuse 2023. aasta oktoobris, n\u00e4dal p\u00e4rast seda, kui VOK oli enda liikmetena tunnustanud Ukrainale kuuluvate Donetski, Hersoni, Luhanski ja Zapori\u017e\u017eja regionaalseid spordiorganisatsioone, millega rikuti Ukraina territoriaalset terviklikkust ning mindi ROK-i s\u00f5nul vastuolusse ol\u00fcmpiahartaga.<\/p>\n<p>Rahvusvaheline ol\u00fcmpiakomitee teatas juuli alguses, et tugines otsust langetades oma \u00f5iguskomisjoni anal\u00fc\u00fcsile, mis leidis, et Venemaa ol\u00fcmpiakomitee ei pea Ukraina territooriumil tegutsevaid regionaalseid spordiorganisatsioone enam oma liikmeteks.<\/p>\n<p>Eesti ja meie naaberriigid on ROK-i otsuse hukka m\u00f5istnud, n\u00e4iteks saadeti n\u00e4dal p\u00e4rast Venemaa ol\u00fcmpiakomitee liikmelisuse taastamist koos Hollandi, Leedu, L\u00e4ti, Poola, Rootsi, Rumeenia, Soome ja Taaniga Euroopa Komisjoni spordi eest vastutavale volinikule Glenn Micallefile ettepaneku j\u00e4tta Erasmus+ ja teistest Euroopa Liidu toetusmeetmetest v\u00e4lja spordiorganisatsioonid, kes lubavad Venemaa ja Valgevene tagasi rahvusvahelistele spordiv\u00f5istlustele.<\/p>\n<p>Kolmap\u00e4eval teatas Ukraina ol\u00fcmpiakomitee (UOK), et on ROK-i otsuse CAS-i edasi kaevanud. &#8220;Ukraina ol\u00fcmpiakomitee seisukoht p\u00f5hineb faktil, et ROK-i otsus tehti enneaegselt ja ilma korralikult kontrollimata, kas esialgse liikmelisuse peatamiseni viinud rikkumised on ka tegelikult lahendatud,&#8221; kirjutas UOK ametlikus teates.<\/p>\n<p>&#8220;UOK toob ka v\u00e4lja, et CAS kinnitas 2024. aastal Venemaa ol\u00fcmpiakomitee liikmelisuse peatamise seaduslikkust, sest ajutiselt okupeeritud Ukraina territooriumi spordiorganisatsioonide tunnustamine VOK-i poolt rikkus Ukraina ol\u00fcmpiakomitee territoriaalset terviklikkust. Seet\u00f5ttu usume, et Venemaa ol\u00fcmpiakomitee \u00f5iguste taastamine ilma nende rikkumiste k\u00f5rvaldamiseta l\u00e4heb vastuollu rahvusvahelise spordiseadusega ning tekitab kogu ol\u00fcmpialiikumise jaoks ohtliku pretsedendi,&#8221; lisas Ukraina ol\u00fcmpiakomitee.<\/p>\n","protected":false},"excerpt":{"rendered":"Ukraina ol\u00fcmpiakomitee teatas kolmap\u00e4eval, et on Rahvusvahelise ol\u00fcmpiakomitee ROK-i otsuse Venemaa ol\u00fcmpiakomitee liikmelisus taastada edasi kaevanud rahvusvahelisse spordiarbitraa\u017ei&hellip;\n","protected":false},"author":2,"featured_media":239895,"comment_status":"","ping_status":"","sticky":false,"template":"","format":"standard","meta":{"footnotes":"","_share_on_mastodon":"0"},"categories":[18],"tags":[37,33,35,34,36,2376,2377,159,158,93978,70809,90714],"class_list":["post-239894","post","type-post","status-publish","format-standard","has-post-thumbnail","category-sport","tag-ee","tag-eesti","tag-eesti-keel","tag-estonia","tag-estonian","tag-rahvusvaheline-olumpiakomitee","tag-rok","tag-sport","tag-sports","tag-ukraina-olumpiakomitee","tag-venemaa-olumpiakomitee","tag-venemaa-olumpiakusimus"],"share_on_mastodon":{"url":"https:\/\/pubeurope.com\/@ee\/117004397841783937","error":""},"_links":{"self":[{"href":"https:\/\/www.europesays.com\/ee\/wp-json\/wp\/v2\/posts\/239894","targetHints":{"allow":["GET"]}}],"collection":[{"href":"https:\/\/www.europesays.com\/ee\/wp-json\/wp\/v2\/posts"}],"about":[{"href":"https:\/\/www.europesays.com\/ee\/wp-json\/wp\/v2\/types\/post"}],"author":[{"embeddable":true,"href":"https:\/\/www.europesays.com\/ee\/wp-json\/wp\/v2\/users\/2"}],"replies":[{"embeddable":true,"href":"https:\/\/www.europesays.com\/ee\/wp-json\/wp\/v2\/comments?post=239894"}],"version-history":[{"count":0,"href":"https:\/\/www.europesays.com\/ee\/wp-json\/wp\/v2\/posts\/239894\/revisions"}],"wp:featuredmedia":[{"embeddable":true,"href":"https:\/\/www.europesays.com\/ee\/wp-json\/wp\/v2\/media\/239895"}],"wp:attachment":[{"href":"https:\/\/www.europesays.com\/ee\/wp-json\/wp\/v2\/media?parent=239894"}],"wp:term":[{"taxonomy":"category","embeddable":true,"href":"https:\/\/www.europesays.com\/ee\/wp-json\/wp\/v2\/categories?post=239894"},{"taxonomy":"post_tag","embeddable":true,"href":"https:\/\/www.europesays.com\/ee\/wp-json\/wp\/v2\/tags?post=239894"}],"curies":[{"name":"wp","href":"https:\/\/api.w.org\/{rel}","templated":true}]}}