{"id":239902,"date":"2026-07-29T17:26:10","date_gmt":"2026-07-29T17:26:10","guid":{"rendered":"https:\/\/www.europesays.com\/ee\/239902\/"},"modified":"2026-07-29T17:26:10","modified_gmt":"2026-07-29T17:26:10","slug":"ukraina-vaidlustas-spordikohtus-rok-i-otsuse-taastada-venemaa-olumpiakomitee-liikmelisus","status":"publish","type":"post","link":"https:\/\/www.europesays.com\/ee\/239902\/","title":{"rendered":"Ukraina vaidlustas spordikohtus ROK-i otsuse taastada Venemaa ol\u00fcmpiakomitee liikmelisus"},"content":{"rendered":"<p>Rahvusvahelise Ol\u00fcmpiakomitee (ROK) t\u00e4itevkomitee otsustas 7. juulil ajutiselt t\u00fchistada Venemaa ol\u00fcmpiakomitee tegevuskeelu. Venemaa liikmelisus ROK-is peatati kolm aastat varem Ukrainas toimuva agressioonis\u00f5ja t\u00f5ttu.<\/p>\n<p>Lisaks Venemaa ol\u00fcmpiakomitee liikmelisuse taastamisele kaotasid kehtivuse senised soovitused rahvusvahelistele alaliitudele Venemaa sportlaste v\u00f5istlustel osalemise osas. Seega avab ROK-i otsus Venemaa sportlastele ukse v\u00f5istelda oma riigi eest 2028. aasta Los Angelese ol\u00fcmpiam\u00e4ngudel.<\/p>\n<p>Ukraina ol\u00fcmpiakomitee teatas kolmap\u00e4eval tehtud avalduses, et ROK-i otsus on ennatlik ja rikub ol\u00fcmpiahartat. Seet\u00f5ttu kaevati see CAS-i edasi.<\/p>\n<p>\u201eUkraina ol\u00fcmpiakomitee seisukoht on, et ROK langetas otsuse ennatlikult ega veendunud piisavalt selles, kas rikkumised, mille t\u00f5ttu Venemaa ol\u00fcmpiakomitee liikmelisus p\u00e4rast Ukraina ol\u00fcmpiakomitee 2023. aasta 6. oktoobril esitatud kaebust peatati, olid tegelikult k\u00f5rvaldatud,\u201c alustas Ukraina Ol\u00fcmpiakomitee oma avaldust.<\/p>\n<p>\u201eUkraina ol\u00fcmpiakomitee juhib t\u00e4helepanu ka sellele, et juba 2024. aastal kinnitas Rahvusvaheline Spordiarbitraa\u017eikohus Venemaa ol\u00fcmpiakomitee liikmelisuse peatamise \u00f5igusp\u00e4rasust, leides, et ajutiselt okupeeritud Ukraina aladel tegutsevate spordiorganisatsioonide kaasamine Venemaa ol\u00fcmpiakomitee koosseisu rikub Ukraina ol\u00fcmpiakomitee territoriaalset terviklikkust ja ol\u00fcmpiahartat.<\/p>\n<p>Seet\u00f5ttu usub Ukraina pool, et Venemaa ol\u00fcmpiakomitee \u00f5iguste taastamine ilma nende tegelike rikkumiste k\u00f5rvaldamiseta on vastuolus rahvusvaheliste spordi\u00f5iguste p\u00f5him\u00f5tetega ning loob ohtliku pretsedendi kogu ol\u00fcmpialiikumisele.\u201c<\/p>\n<p>Kuidas see lugu Sind end tundma pani? Saada <a href=\"https:\/\/sport.delfi.ee\/artikkel\/120600469\/ukraina-vaidlustas-spordikohtus-rok-i-otsuse-taastada-venemaa-olumpiakomitee-liikmelisus\/kommentaarid\" class=\"article-body-bottom__comment article-body-bottom__comment--write button button--primary button--size-auto\" rel=\"nofollow noopener\" target=\"_blank\"> Kommenteeri <\/a><a href=\"https:\/\/sport.delfi.ee\/artikkel\/120600469\/ukraina-vaidlustas-spordikohtus-rok-i-otsuse-taastada-venemaa-olumpiakomitee-liikmelisus\/kommentaarid\" class=\"article-body-bottom__comment article-body-bottom__comment--read button button--size-auto\" rel=\"nofollow noopener\" target=\"_blank\"> Loe kommentaare (7)<\/a><\/p>\n","protected":false},"excerpt":{"rendered":"Rahvusvahelise Ol\u00fcmpiakomitee (ROK) t\u00e4itevkomitee otsustas 7. juulil ajutiselt t\u00fchistada Venemaa ol\u00fcmpiakomitee tegevuskeelu. Venemaa liikmelisus ROK-is peatati kolm aastat&hellip;\n","protected":false},"author":2,"featured_media":239903,"comment_status":"","ping_status":"","sticky":false,"template":"","format":"standard","meta":{"footnotes":"","_share_on_mastodon":"0"},"categories":[18],"tags":[37,33,35,34,36,2376,159,158,70809],"class_list":["post-239902","post","type-post","status-publish","format-standard","has-post-thumbnail","category-sport","tag-ee","tag-eesti","tag-eesti-keel","tag-estonia","tag-estonian","tag-rahvusvaheline-olumpiakomitee","tag-sport","tag-sports","tag-venemaa-olumpiakomitee"],"share_on_mastodon":{"url":"https:\/\/pubeurope.com\/@ee\/117004441008534572","error":""},"_links":{"self":[{"href":"https:\/\/www.europesays.com\/ee\/wp-json\/wp\/v2\/posts\/239902","targetHints":{"allow":["GET"]}}],"collection":[{"href":"https:\/\/www.europesays.com\/ee\/wp-json\/wp\/v2\/posts"}],"about":[{"href":"https:\/\/www.europesays.com\/ee\/wp-json\/wp\/v2\/types\/post"}],"author":[{"embeddable":true,"href":"https:\/\/www.europesays.com\/ee\/wp-json\/wp\/v2\/users\/2"}],"replies":[{"embeddable":true,"href":"https:\/\/www.europesays.com\/ee\/wp-json\/wp\/v2\/comments?post=239902"}],"version-history":[{"count":0,"href":"https:\/\/www.europesays.com\/ee\/wp-json\/wp\/v2\/posts\/239902\/revisions"}],"wp:featuredmedia":[{"embeddable":true,"href":"https:\/\/www.europesays.com\/ee\/wp-json\/wp\/v2\/media\/239903"}],"wp:attachment":[{"href":"https:\/\/www.europesays.com\/ee\/wp-json\/wp\/v2\/media?parent=239902"}],"wp:term":[{"taxonomy":"category","embeddable":true,"href":"https:\/\/www.europesays.com\/ee\/wp-json\/wp\/v2\/categories?post=239902"},{"taxonomy":"post_tag","embeddable":true,"href":"https:\/\/www.europesays.com\/ee\/wp-json\/wp\/v2\/tags?post=239902"}],"curies":[{"name":"wp","href":"https:\/\/api.w.org\/{rel}","templated":true}]}}