{"id":239964,"date":"2026-07-29T19:16:08","date_gmt":"2026-07-29T19:16:08","guid":{"rendered":"https:\/\/www.europesays.com\/ee\/239964\/"},"modified":"2026-07-29T19:16:08","modified_gmt":"2026-07-29T19:16:08","slug":"mark-lajal-alustas-vancouveri-atp-challengeri-kindla-voiduga","status":"publish","type":"post","link":"https:\/\/www.europesays.com\/ee\/239964\/","title":{"rendered":"Mark Lajal alustas Vancouveri ATP Challengeri kindla v\u00f5iduga"},"content":{"rendered":"<p>23-aastane Lajal, kes on turniiril kaheksandana asetatud, v\u00f5itis turniiri avaringis endast neli aastat vanemat ameeriklast Evan Zhud (ATP 607.) 6:3, 6:2. Kohtumine kestis tund ja 20 minutit.<\/p>\n<p>Lajal l\u00f5i m\u00e4ngu jooksul neli \u00e4ssa ja tegi seitse topeltviga. Eesti tennisisti esimene palling \u00f5nnestus 44%-liselt ja ta v\u00f5itis 74% esimeselt servilt m\u00e4ngitud punktidest, Zhu vastavad n\u00e4itajad olid 57 ja 55. Lajal realiseeris \u00fcheksast murdepallist neli ja Zhu neljast \u00fche. Mat\u0161i \u00fcldpunktid j\u00e4id Lajali kasuks 61:45.<\/p>\n<p>Turniiri teises ringis l\u00e4heb Lajal vastamisi Prantsuse tennisisti Clement Chidekh\u00b4ga (ATP 204.), kes oli parem Austraalia m\u00e4ngijast Philip Sekulicist 6:2, 6:2.<\/p>\n<p>Vancouveri Challengeril omab k\u00f5rgeimat paigutust prantslane Benjamin Bonzi, kes on maailma 101. reket.<\/p>\n<p>Kuidas see lugu Sind end tundma pani? Saada <a href=\"https:\/\/sport.delfi.ee\/artikkel\/120600480\/mark-lajal-alustas-vancouveri-atp-challengeri-kindla-voiduga\/kommentaarid\" class=\"article-body-bottom__comment article-body-bottom__comment--write button button--primary button--size-auto\" rel=\"nofollow noopener\" target=\"_blank\"> Kommenteeri <\/a><a href=\"https:\/\/sport.delfi.ee\/artikkel\/120600480\/mark-lajal-alustas-vancouveri-atp-challengeri-kindla-voiduga\/kommentaarid\" class=\"article-body-bottom__comment article-body-bottom__comment--read button button--size-auto\" rel=\"nofollow noopener\" target=\"_blank\"> Loe kommentaare <\/a><\/p>\n","protected":false},"excerpt":{"rendered":"23-aastane Lajal, kes on turniiril kaheksandana asetatud, v\u00f5itis turniiri avaringis endast neli aastat vanemat ameeriklast Evan Zhud (ATP&hellip;\n","protected":false},"author":2,"featured_media":239965,"comment_status":"","ping_status":"","sticky":false,"template":"","format":"standard","meta":{"footnotes":"","_share_on_mastodon":"0"},"categories":[18],"tags":[9261,37,33,35,34,36,557,159,158,2827,27672],"class_list":["post-239964","post","type-post","status-publish","format-standard","has-post-thumbnail","category-sport","tag-atp-challenger","tag-ee","tag-eesti","tag-eesti-keel","tag-estonia","tag-estonian","tag-mark-lajal","tag-sport","tag-sports","tag-tennis","tag-vancouver"],"share_on_mastodon":{"url":"https:\/\/pubeurope.com\/@ee\/117004873620326747","error":""},"_links":{"self":[{"href":"https:\/\/www.europesays.com\/ee\/wp-json\/wp\/v2\/posts\/239964","targetHints":{"allow":["GET"]}}],"collection":[{"href":"https:\/\/www.europesays.com\/ee\/wp-json\/wp\/v2\/posts"}],"about":[{"href":"https:\/\/www.europesays.com\/ee\/wp-json\/wp\/v2\/types\/post"}],"author":[{"embeddable":true,"href":"https:\/\/www.europesays.com\/ee\/wp-json\/wp\/v2\/users\/2"}],"replies":[{"embeddable":true,"href":"https:\/\/www.europesays.com\/ee\/wp-json\/wp\/v2\/comments?post=239964"}],"version-history":[{"count":0,"href":"https:\/\/www.europesays.com\/ee\/wp-json\/wp\/v2\/posts\/239964\/revisions"}],"wp:featuredmedia":[{"embeddable":true,"href":"https:\/\/www.europesays.com\/ee\/wp-json\/wp\/v2\/media\/239965"}],"wp:attachment":[{"href":"https:\/\/www.europesays.com\/ee\/wp-json\/wp\/v2\/media?parent=239964"}],"wp:term":[{"taxonomy":"category","embeddable":true,"href":"https:\/\/www.europesays.com\/ee\/wp-json\/wp\/v2\/categories?post=239964"},{"taxonomy":"post_tag","embeddable":true,"href":"https:\/\/www.europesays.com\/ee\/wp-json\/wp\/v2\/tags?post=239964"}],"curies":[{"name":"wp","href":"https:\/\/api.w.org\/{rel}","templated":true}]}}