{"id":239968,"date":"2026-07-29T19:27:07","date_gmt":"2026-07-29T19:27:07","guid":{"rendered":"https:\/\/www.europesays.com\/ee\/239968\/"},"modified":"2026-07-29T19:27:07","modified_gmt":"2026-07-29T19:27:07","slug":"ukraina-kaebas-venemaa-roki-liikmelisuse-taastamise-spordiarbitraazi","status":"publish","type":"post","link":"https:\/\/www.europesays.com\/ee\/239968\/","title":{"rendered":"Ukraina kaebas Venemaa ROKi liikmelisuse taastamise spordiarbitraa\u017ei"},"content":{"rendered":"<p>Ukraina ol\u00fcmpiakomitee teatas, et kaebas Rahvusvahelisse Spordiarbitraa\u017ei (CAS) Rahvusvahelise Ol\u00fcmpiakomitee (ROK) otsuse taastada seal Venemaa ol\u00fcmpiakomitee liikmelisus<\/p>\n<p class=\"ssrcss-1q0x1qg-Paragraph e1jhz7w10\">ROK oli 2023. aastal peatanud Venemaa ol\u00fcmpiakomitee liikmelisuse Venemaa poolt Ukrainas peetava s\u00f5ja t\u00f5ttu, kuid t\u00e4navu 7. juulil ennistas ROKi t\u00e4itevkomitee Venemaa koha organisatsioonis.<\/p>\n","protected":false},"excerpt":{"rendered":"Ukraina ol\u00fcmpiakomitee teatas, et kaebas Rahvusvahelisse Spordiarbitraa\u017ei (CAS) Rahvusvahelise Ol\u00fcmpiakomitee (ROK) otsuse taastada seal Venemaa ol\u00fcmpiakomitee liikmelisus ROK&hellip;\n","protected":false},"author":2,"featured_media":239969,"comment_status":"","ping_status":"","sticky":false,"template":"","format":"standard","meta":{"footnotes":"","_share_on_mastodon":"0"},"categories":[18],"tags":[37,33,35,34,36,20129,3311,51898,71542,159,158,93978,78978,70809],"class_list":["post-239968","post","type-post","status-publish","format-standard","has-post-thumbnail","category-sport","tag-ee","tag-eesti","tag-eesti-keel","tag-estonia","tag-estonian","tag-los-angelese-olumpiamangud","tag-milano-cortina-taliolumpiamangud","tag-olumpiaharta","tag-pariisi-olumpiamangud","tag-sport","tag-sports","tag-ukraina-olumpiakomitee","tag-valgevene-sportlased","tag-venemaa-olumpiakomitee"],"share_on_mastodon":{"url":"https:\/\/pubeurope.com\/@ee\/117004916959645577","error":""},"_links":{"self":[{"href":"https:\/\/www.europesays.com\/ee\/wp-json\/wp\/v2\/posts\/239968","targetHints":{"allow":["GET"]}}],"collection":[{"href":"https:\/\/www.europesays.com\/ee\/wp-json\/wp\/v2\/posts"}],"about":[{"href":"https:\/\/www.europesays.com\/ee\/wp-json\/wp\/v2\/types\/post"}],"author":[{"embeddable":true,"href":"https:\/\/www.europesays.com\/ee\/wp-json\/wp\/v2\/users\/2"}],"replies":[{"embeddable":true,"href":"https:\/\/www.europesays.com\/ee\/wp-json\/wp\/v2\/comments?post=239968"}],"version-history":[{"count":0,"href":"https:\/\/www.europesays.com\/ee\/wp-json\/wp\/v2\/posts\/239968\/revisions"}],"wp:featuredmedia":[{"embeddable":true,"href":"https:\/\/www.europesays.com\/ee\/wp-json\/wp\/v2\/media\/239969"}],"wp:attachment":[{"href":"https:\/\/www.europesays.com\/ee\/wp-json\/wp\/v2\/media?parent=239968"}],"wp:term":[{"taxonomy":"category","embeddable":true,"href":"https:\/\/www.europesays.com\/ee\/wp-json\/wp\/v2\/categories?post=239968"},{"taxonomy":"post_tag","embeddable":true,"href":"https:\/\/www.europesays.com\/ee\/wp-json\/wp\/v2\/tags?post=239968"}],"curies":[{"name":"wp","href":"https:\/\/api.w.org\/{rel}","templated":true}]}}