{"id":239974,"date":"2026-07-29T19:39:12","date_gmt":"2026-07-29T19:39:12","guid":{"rendered":"https:\/\/www.europesays.com\/ee\/239974\/"},"modified":"2026-07-29T19:39:12","modified_gmt":"2026-07-29T19:39:12","slug":"prantsusmaa-saatis-riigist-valja-kremli-meelse-ajakirjaniku-valismaa","status":"publish","type":"post","link":"https:\/\/www.europesays.com\/ee\/239974\/","title":{"rendered":"Prantsusmaa saatis riigist v\u00e4lja Kremli-meelse ajakirjaniku | V\u00e4lismaa"},"content":{"rendered":"<p>Prantsusmaa andis kolmap\u00e4eval vastuolulisele Vene ajakirjanikule Ksenija Fjodorovale korralduse riigist lahkuda, teatas Prantsuse siseministeerium.<\/p>\n<p>Ajakirjanikku s\u00fc\u00fcdistatakse Kremli propaganda levitamises Prantsuse televisioonis.<\/p>\n<p>Desinformatsiooni eksperdid on l\u00f5id h\u00e4irekella endise Venemaa riikliku telekanali RT ajakirjaniku m\u00f5ju p\u00e4rast, kuna Prantsusmaal seisavad j\u00e4rgmisel aastal ees presidendivalimised.<\/p>\n<p>Prantsuse ajaleht Lib\u00e9ration viitas v\u00e4ljasaatmiskorraldusele, milles s\u00fc\u00fcdistatakse Fjodorovat tegutsemises Vene v\u00f5imude korraldatud desinformatsioonikampaaniate vahendajana, mille eesm\u00e4rk on destabiliseerida avalikku korda Prantsusmaal.<\/p>\n<p>RT France suleti 2023. aastal, aasta p\u00e4rast seda, kui Venemaa president Vladimir Putin andis k\u00e4su t\u00e4iemahuliseks s\u00f5jaks Ukraina vastu.<\/p>\n<p>Kuid Fjodorova j\u00e4i Prantsusmaale ja leidis t\u00f6\u00f6d kommentaatorina konservatiivsele miljard\u00e4rile Vincent Bollore&#8217;ile kuuluva meediaimpeeriumi v\u00e4ljaannetes.<\/p>\n<p>Ta esineb regulaarselt telekanalis CNews, raadios Europe 1 ja kirjutab kolumni ajalehele Le Journal du Dimanche, levitades Kremli jutupunkte Ukraina ja L\u00e4\u00e4ne kohta.<\/p>\n","protected":false},"excerpt":{"rendered":"Prantsusmaa andis kolmap\u00e4eval vastuolulisele Vene ajakirjanikule Ksenija Fjodorovale korralduse riigist lahkuda, teatas Prantsuse siseministeerium. Ajakirjanikku s\u00fc\u00fcdistatakse Kremli propaganda&hellip;\n","protected":false},"author":2,"featured_media":239975,"comment_status":"","ping_status":"","sticky":false,"template":"","format":"standard","meta":{"footnotes":"","_share_on_mastodon":"0"},"categories":[14],"tags":[131,130,37,33,35,34,36,95230,52,616],"class_list":["post-239974","post","type-post","status-publish","format-standard","has-post-thumbnail","category-ari","tag-ari","tag-business","tag-ee","tag-eesti","tag-eesti-keel","tag-estonia","tag-estonian","tag-ksenija-fjodorova","tag-prantsusmaa","tag-propaganda"],"share_on_mastodon":{"url":"https:\/\/pubeurope.com\/@ee\/117004963827635934","error":""},"_links":{"self":[{"href":"https:\/\/www.europesays.com\/ee\/wp-json\/wp\/v2\/posts\/239974","targetHints":{"allow":["GET"]}}],"collection":[{"href":"https:\/\/www.europesays.com\/ee\/wp-json\/wp\/v2\/posts"}],"about":[{"href":"https:\/\/www.europesays.com\/ee\/wp-json\/wp\/v2\/types\/post"}],"author":[{"embeddable":true,"href":"https:\/\/www.europesays.com\/ee\/wp-json\/wp\/v2\/users\/2"}],"replies":[{"embeddable":true,"href":"https:\/\/www.europesays.com\/ee\/wp-json\/wp\/v2\/comments?post=239974"}],"version-history":[{"count":0,"href":"https:\/\/www.europesays.com\/ee\/wp-json\/wp\/v2\/posts\/239974\/revisions"}],"wp:featuredmedia":[{"embeddable":true,"href":"https:\/\/www.europesays.com\/ee\/wp-json\/wp\/v2\/media\/239975"}],"wp:attachment":[{"href":"https:\/\/www.europesays.com\/ee\/wp-json\/wp\/v2\/media?parent=239974"}],"wp:term":[{"taxonomy":"category","embeddable":true,"href":"https:\/\/www.europesays.com\/ee\/wp-json\/wp\/v2\/categories?post=239974"},{"taxonomy":"post_tag","embeddable":true,"href":"https:\/\/www.europesays.com\/ee\/wp-json\/wp\/v2\/tags?post=239974"}],"curies":[{"name":"wp","href":"https:\/\/api.w.org\/{rel}","templated":true}]}}