{"id":240014,"date":"2026-07-29T21:06:15","date_gmt":"2026-07-29T21:06:15","guid":{"rendered":"https:\/\/www.europesays.com\/ee\/240014\/"},"modified":"2026-07-29T21:06:15","modified_gmt":"2026-07-29T21:06:15","slug":"motospordi-akadeemia-asutaja-martin-mooses-poeg-robinist-hirmu-raja-aares-ei-ole-ma-tean-et-ta-laheb-huppesse-alles-siis-kui-on-endas-kindel","status":"publish","type":"post","link":"https:\/\/www.europesays.com\/ee\/240014\/","title":{"rendered":"Motospordi Akadeemia asutaja Martin Mooses poeg Robinist: \u201eHirmu raja \u00e4\u00e4res ei ole. Ma tean, et ta l\u00e4heb h\u00fcppesse alles siis, kui on endas kindel\u201c"},"content":{"rendered":"<p>\u00dcks juhuslik moto\u00fcritus muutis <a rel=\"noopener nofollow\" target=\"_blank\" href=\"https:\/\/www.delfi.ee\/teema\/96944857\/martin-mooses\" tag-id=\"96944857\">Martin Moosese<\/a> elu j\u00e4\u00e4davalt. Sportlikust mehest, kellel ei olnud varasemalt motospordiga kokkupuudet, sai t\u00f5en\u00e4oliselt Eesti ainus doktorikraadiga mototreener ning Motospordi Akadeemia looja ja eestvedaja.<\/p>\n<p>R\u00e4\u00e4gime noore motosportlase teekonnast maailma tippu, lapsevanema ja treeneri rollist ning sellest, milliseid ohverdusi n\u00f5uab edu motokrossis. See on vestlus, mis viib kuulaja telgitagustesse ja n\u00e4itab, mida tipptasemele j\u00f5udmine tegelikult t\u00e4hendab.<\/p>\n","protected":false},"excerpt":{"rendered":"\u00dcks juhuslik moto\u00fcritus muutis Martin Moosese elu j\u00e4\u00e4davalt. Sportlikust mehest, kellel ei olnud varasemalt motospordiga kokkupuudet, sai t\u00f5en\u00e4oliselt&hellip;\n","protected":false},"author":2,"featured_media":240015,"comment_status":"","ping_status":"","sticky":false,"template":"","format":"standard","meta":{"footnotes":"","_share_on_mastodon":"0"},"categories":[18],"tags":[37,33,35,34,36,46357,95232,84179,159,158],"class_list":["post-240014","post","type-post","status-publish","format-standard","has-post-thumbnail","category-sport","tag-ee","tag-eesti","tag-eesti-keel","tag-estonia","tag-estonian","tag-indrek-raadik","tag-martin-mooses","tag-robin-robert-mooses","tag-sport","tag-sports"],"share_on_mastodon":{"url":"https:\/\/pubeurope.com\/@ee\/117005306103397319","error":""},"_links":{"self":[{"href":"https:\/\/www.europesays.com\/ee\/wp-json\/wp\/v2\/posts\/240014","targetHints":{"allow":["GET"]}}],"collection":[{"href":"https:\/\/www.europesays.com\/ee\/wp-json\/wp\/v2\/posts"}],"about":[{"href":"https:\/\/www.europesays.com\/ee\/wp-json\/wp\/v2\/types\/post"}],"author":[{"embeddable":true,"href":"https:\/\/www.europesays.com\/ee\/wp-json\/wp\/v2\/users\/2"}],"replies":[{"embeddable":true,"href":"https:\/\/www.europesays.com\/ee\/wp-json\/wp\/v2\/comments?post=240014"}],"version-history":[{"count":0,"href":"https:\/\/www.europesays.com\/ee\/wp-json\/wp\/v2\/posts\/240014\/revisions"}],"wp:featuredmedia":[{"embeddable":true,"href":"https:\/\/www.europesays.com\/ee\/wp-json\/wp\/v2\/media\/240015"}],"wp:attachment":[{"href":"https:\/\/www.europesays.com\/ee\/wp-json\/wp\/v2\/media?parent=240014"}],"wp:term":[{"taxonomy":"category","embeddable":true,"href":"https:\/\/www.europesays.com\/ee\/wp-json\/wp\/v2\/categories?post=240014"},{"taxonomy":"post_tag","embeddable":true,"href":"https:\/\/www.europesays.com\/ee\/wp-json\/wp\/v2\/tags?post=240014"}],"curies":[{"name":"wp","href":"https:\/\/api.w.org\/{rel}","templated":true}]}}