{"id":240124,"date":"2026-07-30T03:34:11","date_gmt":"2026-07-30T03:34:11","guid":{"rendered":"https:\/\/www.europesays.com\/ee\/240124\/"},"modified":"2026-07-30T03:34:11","modified_gmt":"2026-07-30T03:34:11","slug":"miks-koguneb-tartu-parklasse-oositi-ule-saja-inimese-see-lendaks-koik-prugikasti","status":"publish","type":"post","link":"https:\/\/www.europesays.com\/ee\/240124\/","title":{"rendered":"Miks koguneb Tartu parklasse \u00f6\u00f6siti \u00fcle saja inimese? \u201eSee lendaks k\u00f5ik pr\u00fcgikasti\u201c"},"content":{"rendered":"<p><img decoding=\"async\" src=\"https:\/\/www.europesays.com\/ee\/wp-content\/uploads\/2026\/07\/e7dc4aea-8445-45b7-b337-eaa18d84debf.jpg\" loading=\"lazy\" alt=\"See toidulaadung p\u00e4rineb Coopist, kus vabatahtlikud k\u00e4isid enne poe sulgemist, et korjata sealt kokku kastide viisi \u201ek\u00f5lblik kuni\u201c tooteid.\"\/><\/p>\n<p>See toidulaadung p\u00e4rineb Coopist, kus vabatahtlikud k\u00e4isid enne poe sulgemist, et korjata sealt kokku kastide viisi \u201ek\u00f5lblik kuni\u201c tooteid.<\/p>\n<p>FOTO: Tarmo Michelson| Delfi Meedia<\/p>\n<p>Tartu turuhoone tagumisele parkimisplatsile hakkab kella 22 ajal inimesi kogunema. Seistakse, aetakse juttu, vaadatakse kella. Rahvast tuleb \u00fcha juurde. V\u00f5etakse ringi. Kella 22.25 ajal on inimesi juba 110.<\/p>\n","protected":false},"excerpt":{"rendered":"See toidulaadung p\u00e4rineb Coopist, kus vabatahtlikud k\u00e4isid enne poe sulgemist, et korjata sealt kokku kastide viisi \u201ek\u00f5lblik kuni\u201c&hellip;\n","protected":false},"author":2,"featured_media":240125,"comment_status":"","ping_status":"","sticky":false,"template":"","format":"standard","meta":{"footnotes":"","_share_on_mastodon":"0"},"categories":[12],"tags":[26,27,5639,37,33,35,34,36,31,32,21,28,29,19,25,249,95251,34723,23,24,22,20,3911,30],"class_list":["post-240124","post","type-post","status-publish","format-standard","has-post-thumbnail","category-eesti","tag-breaking-news","tag-breakingnews","tag-coop","tag-ee","tag-eesti","tag-eesti-keel","tag-estonia","tag-estonian","tag-featured-news","tag-featurednews","tag-headlines","tag-latest-news","tag-latestnews","tag-news","tag-populaarseimad-lood","tag-tartu","tag-toidupaastmine","tag-toiduraiskamine","tag-top-stories","tag-topstories","tag-uldised-uudised","tag-uudised","tag-vabatahtlikud","tag-viimased-uudised"],"share_on_mastodon":{"url":"","error":""},"_links":{"self":[{"href":"https:\/\/www.europesays.com\/ee\/wp-json\/wp\/v2\/posts\/240124","targetHints":{"allow":["GET"]}}],"collection":[{"href":"https:\/\/www.europesays.com\/ee\/wp-json\/wp\/v2\/posts"}],"about":[{"href":"https:\/\/www.europesays.com\/ee\/wp-json\/wp\/v2\/types\/post"}],"author":[{"embeddable":true,"href":"https:\/\/www.europesays.com\/ee\/wp-json\/wp\/v2\/users\/2"}],"replies":[{"embeddable":true,"href":"https:\/\/www.europesays.com\/ee\/wp-json\/wp\/v2\/comments?post=240124"}],"version-history":[{"count":0,"href":"https:\/\/www.europesays.com\/ee\/wp-json\/wp\/v2\/posts\/240124\/revisions"}],"wp:featuredmedia":[{"embeddable":true,"href":"https:\/\/www.europesays.com\/ee\/wp-json\/wp\/v2\/media\/240125"}],"wp:attachment":[{"href":"https:\/\/www.europesays.com\/ee\/wp-json\/wp\/v2\/media?parent=240124"}],"wp:term":[{"taxonomy":"category","embeddable":true,"href":"https:\/\/www.europesays.com\/ee\/wp-json\/wp\/v2\/categories?post=240124"},{"taxonomy":"post_tag","embeddable":true,"href":"https:\/\/www.europesays.com\/ee\/wp-json\/wp\/v2\/tags?post=240124"}],"curies":[{"name":"wp","href":"https:\/\/api.w.org\/{rel}","templated":true}]}}