{"id":240152,"date":"2026-07-30T04:39:05","date_gmt":"2026-07-30T04:39:05","guid":{"rendered":"https:\/\/www.europesays.com\/ee\/240152\/"},"modified":"2026-07-30T04:39:05","modified_gmt":"2026-07-30T04:39:05","slug":"usa-kohus-moistis-salman-rushdie-rundaja-suudi-terrorismis-valismaa","status":"publish","type":"post","link":"https:\/\/www.europesays.com\/ee\/240152\/","title":{"rendered":"USA kohus m\u00f5istis Salman Rushdie r\u00fcndaja s\u00fc\u00fcdi terrorismis | V\u00e4lismaa"},"content":{"rendered":"<p>USA f\u00f6deraalne vandekohus m\u00f5istis 28-aastase Hadi Matari kolmap\u00e4eval s\u00fc\u00fcdi \u00e4\u00e4rmusr\u00fchmituse Hezbollah toetamises ja terroriakti toimepanemises, kui mees r\u00fcndas 2022. aasta augustis New Yorgi kultuurikeskuses kirjanik Salman Rushdiet.<\/p>\n<p>&#8220;Liibanoni p\u00e4ritolu ameeriklane otsustas \u00fchitada oma v\u00e4\u00e4rtused Iraani juhtide terroristlike v\u00e4\u00e4rtustega&#8221;, \u00fctles USA prokur\u00f6r Michael DiGiacomo.<\/p>\n<p>Kohtunik lisas, et s\u00fc\u00fcdistatav plaanis mitmeid kuid pussitamist, mis \u00e4\u00e4repealt tappis Rushdie ja j\u00e4ttis ta \u00fchest silmast pimedaks.<\/p>\n<p>Prokur\u00f6ride s\u00f5nul j\u00e4rgis Matar \u00fcleskutset Rushdie tapmisele, mille andis esmakordselt 1989. aastal v\u00e4lja ajatolla Ruhollah Khomeini, kuna kirjanik kujutas oma menuteoses &#8220;Saatanlikud v\u00e4rsid&#8221; prohvet Muhamedi.<\/p>\n","protected":false},"excerpt":{"rendered":"USA f\u00f6deraalne vandekohus m\u00f5istis 28-aastase Hadi Matari kolmap\u00e4eval s\u00fc\u00fcdi \u00e4\u00e4rmusr\u00fchmituse Hezbollah toetamises ja terroriakti toimepanemises, kui mees r\u00fcndas&hellip;\n","protected":false},"author":2,"featured_media":240153,"comment_status":"","ping_status":"","sticky":false,"template":"","format":"standard","meta":{"footnotes":"","_share_on_mastodon":"0"},"categories":[80],"tags":[26,27,37,33,35,34,36,31,32,21,1925,1752,28,29,95,19,25,95256,99,23,24,22,325,20,30,92,93,94],"class_list":["post-240152","post","type-post","status-publish","format-standard","has-post-thumbnail","category-maailm","tag-breaking-news","tag-breakingnews","tag-ee","tag-eesti","tag-eesti-keel","tag-estonia","tag-estonian","tag-featured-news","tag-featurednews","tag-headlines","tag-iraan","tag-kohus","tag-latest-news","tag-latestnews","tag-maailm","tag-news","tag-populaarseimad-lood","tag-salman-rushdie","tag-terrorism","tag-top-stories","tag-topstories","tag-uldised-uudised","tag-usa","tag-uudised","tag-viimased-uudised","tag-world","tag-world-news","tag-worldnews"],"share_on_mastodon":{"url":"","error":""},"_links":{"self":[{"href":"https:\/\/www.europesays.com\/ee\/wp-json\/wp\/v2\/posts\/240152","targetHints":{"allow":["GET"]}}],"collection":[{"href":"https:\/\/www.europesays.com\/ee\/wp-json\/wp\/v2\/posts"}],"about":[{"href":"https:\/\/www.europesays.com\/ee\/wp-json\/wp\/v2\/types\/post"}],"author":[{"embeddable":true,"href":"https:\/\/www.europesays.com\/ee\/wp-json\/wp\/v2\/users\/2"}],"replies":[{"embeddable":true,"href":"https:\/\/www.europesays.com\/ee\/wp-json\/wp\/v2\/comments?post=240152"}],"version-history":[{"count":0,"href":"https:\/\/www.europesays.com\/ee\/wp-json\/wp\/v2\/posts\/240152\/revisions"}],"wp:featuredmedia":[{"embeddable":true,"href":"https:\/\/www.europesays.com\/ee\/wp-json\/wp\/v2\/media\/240153"}],"wp:attachment":[{"href":"https:\/\/www.europesays.com\/ee\/wp-json\/wp\/v2\/media?parent=240152"}],"wp:term":[{"taxonomy":"category","embeddable":true,"href":"https:\/\/www.europesays.com\/ee\/wp-json\/wp\/v2\/categories?post=240152"},{"taxonomy":"post_tag","embeddable":true,"href":"https:\/\/www.europesays.com\/ee\/wp-json\/wp\/v2\/tags?post=240152"}],"curies":[{"name":"wp","href":"https:\/\/api.w.org\/{rel}","templated":true}]}}