{"id":240212,"date":"2026-07-30T06:08:12","date_gmt":"2026-07-30T06:08:12","guid":{"rendered":"https:\/\/www.europesays.com\/ee\/240212\/"},"modified":"2026-07-30T06:08:12","modified_gmt":"2026-07-30T06:08:12","slug":"ilmaprognoos-suvesoe-ei-kao-veel-kuhugi-reedel-touseb-temperatuur-pea-30-kraadini-maaleht","status":"publish","type":"post","link":"https:\/\/www.europesays.com\/ee\/240212\/","title":{"rendered":"ILMAPROGNOOS | Suvesoe ei kao veel kuhugi: reedel t\u00f5useb temperatuur pea 30 kraadini &#8211; Maaleht"},"content":{"rendered":"<ol>\n<li><a href=\"https:\/\/news.google.com\/rss\/articles\/CBMiwwFBVV95cUxOSnhkYjF2eFYzenk5MFlfZFJrcnYwSl9pdFVicU9IdmJ2ZDJ6eXFYQW9zVVBsQjJpSmFVLXlNXzlPa0o0b05fdHBDZ1lNaFUwT3JpQXFJX0Q0ZXNGRDZRdGFGMjRzMk9hMlB2WElJUGJQMzlkd2dDeWl6VUF0UXhEU1F1RkIyNFFtaDF3eHl6a0pvVTZUbDBSVlllb0c0eS1BclYxWGU0cUZtNnZmeHhabVlwME1tUHVQaXVoSDlWcE1jNXM?oc=5\" target=\"_blank\" rel=\"nofollow noopener\">ILMAPROGNOOS | Suvesoe ei kao veel kuhugi: reedel t\u00f5useb temperatuur pea 30 kraadini<\/a>&nbsp;&nbsp;Maaleht<\/li>\n<li><a href=\"https:\/\/news.google.com\/rss\/articles\/CBMimwFBVV95cUxOYklTTUswX1lKVVkyYWdZa0l6NVhfSk9NSzRTXzh0ZXEwUHlZS2ZjM0tFLVZpWFc1RzVmcVVRUUNpc0VkMk1VRWExTEloTXRaWlF1WXdtOVVBRU1lNnRxQVVtUUlRVnk0aVc3RF85STJOc2JCMzhwelVJQUdNdDNYWDVCTUVvVjFfRDNLT1drTVJ6dm9ic0QxMUlPMA?oc=5\" target=\"_blank\" rel=\"nofollow noopener\">Tulekul v\u00f5ib olla selle aasta k\u00f5ige suvisem periood<\/a>&nbsp;&nbsp;L\u00f5una-Eesti Postimees<\/li>\n<li><a href=\"https:\/\/news.google.com\/rss\/articles\/CBMijwFBVV95cUxNVmRtV2VXT0EzYzlqT0dWc29PR0NZWU5FQ2VOYmQwMzQ0Ykk0alc5aWowTVFfSkNTQ2xhQkw4RkJVRlNta09CVnlLZHpEQkNpQ1RLQ1d1VG1lTDlBTFdRRU5lcEhZYzJtUDlOOTl3QUEyQzZCUkVVeEhLa01aaG1ncEo5YWtxaVpoMDNoSHpqVQ?oc=5\" target=\"_blank\" rel=\"nofollow noopener\">L\u00e4hip\u00e4evil t\u00f5useb \u00f5hutemperatuur kohtati 26 kraadini<\/a>&nbsp;&nbsp;\u041c\u041a-\u042d\u0441\u0442\u043e\u043d\u0438\u044f<\/li>\n<li><a href=\"https:\/\/news.google.com\/rss\/articles\/CBMi0AFBVV95cUxNOFc2SGdELV9ONWxvVFNPOFhwMVRHOVF1ZmVJRWxCNjJIN1VINHN1U0RwSVE4dGJyaTdjdVBtbmp1dklRaTk0eXNCVFJlUnFHS1lhZmsxeERlVno5SGFraXFPRFBsa3h2dVRqbERVZHozUUY3VDBnUHIwSDQ1dnU3SXFYd1k2cGtDSS1hOWR4SlYzU3I5UG5waVJ2dGtwMERGSFoxNzJ0YVdYU1huSlVMRkF5dG5YcURiLUNLSm1mblgxX21TaWtYQ1h2WWRBMXYx?oc=5\" target=\"_blank\" rel=\"nofollow noopener\">ILMAPROGNOOS | Kuumus kogub iga p\u00e4evaga hoogu: n\u00e4dala l\u00f5pp toob Eestisse kuni 27-kraadise ilma<\/a>&nbsp;&nbsp;Maaleht<\/li>\n<\/ol>\n","protected":false},"excerpt":{"rendered":"ILMAPROGNOOS | Suvesoe ei kao veel kuhugi: reedel t\u00f5useb temperatuur pea 30 kraadini&nbsp;&nbsp;Maaleht Tulekul v\u00f5ib olla selle aasta&hellip;\n","protected":false},"author":2,"featured_media":240213,"comment_status":"","ping_status":"","sticky":false,"template":"","format":"standard","meta":{"footnotes":"","_share_on_mastodon":"0"},"categories":[12],"tags":[26,27,37,33,35,34,36,31,32,21,668,3963,28,29,19,25,23,24,22,20,30],"class_list":["post-240212","post","type-post","status-publish","format-standard","has-post-thumbnail","category-eesti","tag-breaking-news","tag-breakingnews","tag-ee","tag-eesti","tag-eesti-keel","tag-estonia","tag-estonian","tag-featured-news","tag-featurednews","tag-headlines","tag-ilm","tag-ilmateade","tag-latest-news","tag-latestnews","tag-news","tag-populaarseimad-lood","tag-top-stories","tag-topstories","tag-uldised-uudised","tag-uudised","tag-viimased-uudised"],"share_on_mastodon":{"url":"https:\/\/pubeurope.com\/@ee\/117007437103515776","error":""},"_links":{"self":[{"href":"https:\/\/www.europesays.com\/ee\/wp-json\/wp\/v2\/posts\/240212","targetHints":{"allow":["GET"]}}],"collection":[{"href":"https:\/\/www.europesays.com\/ee\/wp-json\/wp\/v2\/posts"}],"about":[{"href":"https:\/\/www.europesays.com\/ee\/wp-json\/wp\/v2\/types\/post"}],"author":[{"embeddable":true,"href":"https:\/\/www.europesays.com\/ee\/wp-json\/wp\/v2\/users\/2"}],"replies":[{"embeddable":true,"href":"https:\/\/www.europesays.com\/ee\/wp-json\/wp\/v2\/comments?post=240212"}],"version-history":[{"count":0,"href":"https:\/\/www.europesays.com\/ee\/wp-json\/wp\/v2\/posts\/240212\/revisions"}],"wp:featuredmedia":[{"embeddable":true,"href":"https:\/\/www.europesays.com\/ee\/wp-json\/wp\/v2\/media\/240213"}],"wp:attachment":[{"href":"https:\/\/www.europesays.com\/ee\/wp-json\/wp\/v2\/media?parent=240212"}],"wp:term":[{"taxonomy":"category","embeddable":true,"href":"https:\/\/www.europesays.com\/ee\/wp-json\/wp\/v2\/categories?post=240212"},{"taxonomy":"post_tag","embeddable":true,"href":"https:\/\/www.europesays.com\/ee\/wp-json\/wp\/v2\/tags?post=240212"}],"curies":[{"name":"wp","href":"https:\/\/api.w.org\/{rel}","templated":true}]}}