{"id":240224,"date":"2026-07-30T06:20:09","date_gmt":"2026-07-30T06:20:09","guid":{"rendered":"https:\/\/www.europesays.com\/ee\/240224\/"},"modified":"2026-07-30T06:20:09","modified_gmt":"2026-07-30T06:20:09","slug":"fotod-peatreener-novosjolov-ja-hobedane-zuikova-joudsid-kodumaale","status":"publish","type":"post","link":"https:\/\/www.europesays.com\/ee\/240224\/","title":{"rendered":"FOTOD | Peatreener Novosjolov ja h\u00f5bedane Zuikova j\u00f5udsid kodumaale"},"content":{"rendered":"<p>P\u00e4eva teises pooles maanduvad Tallinnas ka Irina Embrich ja Julia Beljajeva. <\/p>\n<p>Turniiril oli Eesti esimeseks vastaseks Rumeenia, kes alistati 36:25. Seej\u00e4rel seljatati Kanada 45:25, veerandfinaalis teise asetusega Prantsusmaa 45:34 ning poolfinaalis kuuenda paigutusega Ungari 42:34.<\/p>\n<p>Finaalis Itaalia vastu j\u00e4i Eesti esimestest minimat\u0161idest alates tagaajaja rolli. Beljajeva andis Lehisele vehklemise \u00fcle 0:2 kaotusseisus, teine minimat\u0161 l\u00f5ppes Eesti poolt vaadatuna seisul 3:5. Embrichi esimese minimat\u0161i j\u00e4rel kasvas Eesti kaotusseis 7:10-le.<\/p>\n<p>Neljandas minimat\u0161is suutis k\u00fcll Beljajeva tuua tabloole 10:10 viiginumbrid, kuid j\u00e4rgmiste Embrichi ja Lehise minimat\u0161idega oli eestlannade kaotusseis taas kuuetorkeline (12:18). Vahe p\u00fcsis stabiilselt nelja ja kuue torke vahel kuni viimase ehk \u00fcheksanda minimat\u0161ini, kus Lehis suutis v\u00e4hendada kaotusseisu \u00fchele torkele (24:25). Paraku j\u00e4i napimast napimalt puudu. Kohtumise l\u00f5pusekunditel tehti viis j\u00e4rjestikust topelttorget ning n\u00f5nda kaotas Eesti 30:31.<\/p>\n<p>Eelmise aasta MM-il sai naiskond kuuenda koha, t\u00e4navusel EM-il oldi viiendad.<\/p>\n<p>Individuaalturniir ei \u00f5nnestunud \u00fchelgi Eesti naisel. Beljajeva j\u00e4i pidama kvalifikatsiooni, Embrich ja Zuikova kaotasid p\u00f5hiturniiril esimeses ning Lehis teises ringis.<\/p>\n<p>Kuidas see lugu Sind end tundma pani? Saada <a href=\"https:\/\/sport.delfi.ee\/artikkel\/120600514\/fotod-peatreener-novosjolov-ja-hobedane-zuikova-joudsid-kodumaale\/kommentaarid\" class=\"article-body-bottom__comment article-body-bottom__comment--write button button--primary button--size-auto\" rel=\"nofollow noopener\" target=\"_blank\"> Kommenteeri <\/a><a href=\"https:\/\/sport.delfi.ee\/artikkel\/120600514\/fotod-peatreener-novosjolov-ja-hobedane-zuikova-joudsid-kodumaale\/kommentaarid\" class=\"article-body-bottom__comment article-body-bottom__comment--read button button--size-auto\" rel=\"nofollow noopener\" target=\"_blank\"> Loe kommentaare <\/a><\/p>\n","protected":false},"excerpt":{"rendered":"P\u00e4eva teises pooles maanduvad Tallinnas ka Irina Embrich ja Julia Beljajeva. Turniiril oli Eesti esimeseks vastaseks Rumeenia, kes&hellip;\n","protected":false},"author":2,"featured_media":240225,"comment_status":"","ping_status":"","sticky":false,"template":"","format":"standard","meta":{"footnotes":"","_share_on_mastodon":"0"},"categories":[5],"tags":[26,27,37,33,35,34,36,31,32,21,6345,28,29,19,25,23,24,22,20,30],"class_list":["post-240224","post","type-post","status-publish","format-standard","has-post-thumbnail","category-uldised-uudised","tag-breaking-news","tag-breakingnews","tag-ee","tag-eesti","tag-eesti-keel","tag-estonia","tag-estonian","tag-featured-news","tag-featurednews","tag-headlines","tag-katrina-lehis","tag-latest-news","tag-latestnews","tag-news","tag-populaarseimad-lood","tag-top-stories","tag-topstories","tag-uldised-uudised","tag-uudised","tag-viimased-uudised"],"share_on_mastodon":{"url":"https:\/\/pubeurope.com\/@ee\/117007484562460330","error":""},"_links":{"self":[{"href":"https:\/\/www.europesays.com\/ee\/wp-json\/wp\/v2\/posts\/240224","targetHints":{"allow":["GET"]}}],"collection":[{"href":"https:\/\/www.europesays.com\/ee\/wp-json\/wp\/v2\/posts"}],"about":[{"href":"https:\/\/www.europesays.com\/ee\/wp-json\/wp\/v2\/types\/post"}],"author":[{"embeddable":true,"href":"https:\/\/www.europesays.com\/ee\/wp-json\/wp\/v2\/users\/2"}],"replies":[{"embeddable":true,"href":"https:\/\/www.europesays.com\/ee\/wp-json\/wp\/v2\/comments?post=240224"}],"version-history":[{"count":0,"href":"https:\/\/www.europesays.com\/ee\/wp-json\/wp\/v2\/posts\/240224\/revisions"}],"wp:featuredmedia":[{"embeddable":true,"href":"https:\/\/www.europesays.com\/ee\/wp-json\/wp\/v2\/media\/240225"}],"wp:attachment":[{"href":"https:\/\/www.europesays.com\/ee\/wp-json\/wp\/v2\/media?parent=240224"}],"wp:term":[{"taxonomy":"category","embeddable":true,"href":"https:\/\/www.europesays.com\/ee\/wp-json\/wp\/v2\/categories?post=240224"},{"taxonomy":"post_tag","embeddable":true,"href":"https:\/\/www.europesays.com\/ee\/wp-json\/wp\/v2\/tags?post=240224"}],"curies":[{"name":"wp","href":"https:\/\/api.w.org\/{rel}","templated":true}]}}