{"id":240284,"date":"2026-07-30T07:35:24","date_gmt":"2026-07-30T07:35:24","guid":{"rendered":"https:\/\/www.europesays.com\/ee\/240284\/"},"modified":"2026-07-30T07:35:24","modified_gmt":"2026-07-30T07:35:24","slug":"viietarnihotell-polegi-ametlikult-hotell-laanemere-aares-avatud-uuratu-luksushotell-eksitab-puhkajaid","status":"publish","type":"post","link":"https:\/\/www.europesays.com\/ee\/240284\/","title":{"rendered":"Viiet\u00e4rnihotell polegi ametlikult hotell. L\u00e4\u00e4nemere \u00e4\u00e4res avatud \u00fc\u00fcratu luksushotell eksitab puhkajaid"},"content":{"rendered":"<p>17. juunil avati L\u00e4\u00e4nemere \u00e4\u00e4res, <a rel=\"noopener nofollow\" target=\"_blank\" href=\"https:\/\/www.delfi.ee\/teema\/23754953\/poola\" tag-id=\"23754953\">Poolas<\/a>, Euroopa suuruselt kolmas hotell, kirjutab Leedu Delfi. Uues hotellis nimega Golebiewski Pobierowo on kokku 1240 tuba, mis asuvad kokku 13 korrusel. <\/p>\n<p>Hotell asub Pobierovo kuurordis, umbes nelja kilomeetri pikkuse ranna \u00e4\u00e4res, mis on kuulus oma valge liiva ja l\u00e4bipaistva L\u00e4\u00e4nemere vee poolest. Madala vee t\u00f5ttu on see koht eriti populaarne lastega perede seas. Veel\u00f5bud ei piirdu aga ainult rannaga. Hotellis on veepark, kus on nii sise- kui ka v\u00e4libasseinid ning veelium\u00e4ed. K\u00fclalised saavad kasutada ka mitmesuguseid tervisekeskusi, teatab Mirror. <\/p>\n<p><a href=\"https:\/\/reisijuht.delfi.ee\/artikkel\/120600379\/viietarnihotell-polegi-ametlikult-hotell-laanemere-aares-avatud-uuratu-luksushotell-eksitab-puhkajaid\/kommentaarid\" class=\"article-body-bottom__comment article-body-bottom__comment--write button button--primary button--size-auto\" rel=\"nofollow noopener\" target=\"_blank\"> Kommenteeri <\/a><a href=\"https:\/\/reisijuht.delfi.ee\/artikkel\/120600379\/viietarnihotell-polegi-ametlikult-hotell-laanemere-aares-avatud-uuratu-luksushotell-eksitab-puhkajaid\/kommentaarid\" class=\"article-body-bottom__comment article-body-bottom__comment--read button button--size-auto\" rel=\"nofollow noopener\" target=\"_blank\"> Loe kommentaare (8)<\/a><\/p>\n","protected":false},"excerpt":{"rendered":"17. juunil avati L\u00e4\u00e4nemere \u00e4\u00e4res, Poolas, Euroopa suuruselt kolmas hotell, kirjutab Leedu Delfi. Uues hotellis nimega Golebiewski Pobierowo&hellip;\n","protected":false},"author":2,"featured_media":240285,"comment_status":"","ping_status":"","sticky":false,"template":"","format":"standard","meta":{"footnotes":"","_share_on_mastodon":"0"},"categories":[80],"tags":[26,27,37,33,35,34,36,31,32,21,28,29,83598,95,19,111,25,23,24,22,20,30,92,93,94],"class_list":["post-240284","post","type-post","status-publish","format-standard","has-post-thumbnail","category-maailm","tag-breaking-news","tag-breakingnews","tag-ee","tag-eesti","tag-eesti-keel","tag-estonia","tag-estonian","tag-featured-news","tag-featurednews","tag-headlines","tag-latest-news","tag-latestnews","tag-luksushotell","tag-maailm","tag-news","tag-poola","tag-populaarseimad-lood","tag-top-stories","tag-topstories","tag-uldised-uudised","tag-uudised","tag-viimased-uudised","tag-world","tag-world-news","tag-worldnews"],"share_on_mastodon":{"url":"https:\/\/pubeurope.com\/@ee\/117007779446417204","error":""},"_links":{"self":[{"href":"https:\/\/www.europesays.com\/ee\/wp-json\/wp\/v2\/posts\/240284","targetHints":{"allow":["GET"]}}],"collection":[{"href":"https:\/\/www.europesays.com\/ee\/wp-json\/wp\/v2\/posts"}],"about":[{"href":"https:\/\/www.europesays.com\/ee\/wp-json\/wp\/v2\/types\/post"}],"author":[{"embeddable":true,"href":"https:\/\/www.europesays.com\/ee\/wp-json\/wp\/v2\/users\/2"}],"replies":[{"embeddable":true,"href":"https:\/\/www.europesays.com\/ee\/wp-json\/wp\/v2\/comments?post=240284"}],"version-history":[{"count":0,"href":"https:\/\/www.europesays.com\/ee\/wp-json\/wp\/v2\/posts\/240284\/revisions"}],"wp:featuredmedia":[{"embeddable":true,"href":"https:\/\/www.europesays.com\/ee\/wp-json\/wp\/v2\/media\/240285"}],"wp:attachment":[{"href":"https:\/\/www.europesays.com\/ee\/wp-json\/wp\/v2\/media?parent=240284"}],"wp:term":[{"taxonomy":"category","embeddable":true,"href":"https:\/\/www.europesays.com\/ee\/wp-json\/wp\/v2\/categories?post=240284"},{"taxonomy":"post_tag","embeddable":true,"href":"https:\/\/www.europesays.com\/ee\/wp-json\/wp\/v2\/tags?post=240284"}],"curies":[{"name":"wp","href":"https:\/\/api.w.org\/{rel}","templated":true}]}}