{"id":240358,"date":"2026-07-30T09:15:23","date_gmt":"2026-07-30T09:15:23","guid":{"rendered":"https:\/\/www.europesays.com\/ee\/240358\/"},"modified":"2026-07-30T09:15:23","modified_gmt":"2026-07-30T09:15:23","slug":"veel-uks-saksa-autohiid-karbib-tuhandeid-tookohti-valismaa","status":"publish","type":"post","link":"https:\/\/www.europesays.com\/ee\/240358\/","title":{"rendered":"Veel \u00fcks Saksa autohiid k\u00e4rbib tuhandeid t\u00f6\u00f6kohti | V\u00e4lismaa"},"content":{"rendered":"<p>BMW teatas ulatuslikest \u00fcmberkorraldustest, mille raames kavatseb Saksa autohiid 2027. aasta l\u00f5puks v\u00e4hendada oma t\u00f6\u00f6tajate arvu ligi kaheksa tuhande inimese v\u00f5rra.<\/p>\n<p>Enamik koondamisi toimub Saksamaal vabatahtlike lahkumispakettide kaudu ning puudutab peamiselt kontorit\u00f6\u00f6tajaid. BMW-l on Saksamaal 85 000 t\u00f6\u00f6tajat, neist umbes 40 000 saavad alates 2026. aasta oktoobrist \u00f5iguse v\u00f5tta vastu vabatahtliku lahkumise pakkumise.\u00a0<\/p>\n<p>BMW kinnitas, et on j\u00f5udnud t\u00f6\u00f6n\u00f5ukoguga kokkuleppele \u00fcmberkorraldusprogrammi tingimustes. Ettev\u00f5tte pressiesindaja \u00fctles Reutersile, et programm h\u00f5lmab administratsiooni- ja arendusosakondi.<\/p>\n<p>Ettev\u00f5te p\u00f5hjendab kulude k\u00e4rpimist kehva n\u00f5udluse, Hiina autotootjate kasvava konkurentsi, USA tollide ja geopoliitilise ebakindlusega. BMW loodab, et koondamised parandavad firma kasumlikkust ning aitavad hoida kokku miljard eurot aastas.<\/p>\n<p>Saksa autot\u00f6\u00f6stus on kehvas seisus ning BMW viimane samm n\u00e4itab, et paranemise m\u00e4rke pole endiselt n\u00e4ha.<\/p>\n<p>Hiljuti teatas ka Porsche viie tuhande t\u00f6\u00f6koha kaotamisest. Volkswagen valmistab ette programmi, mille k\u00e4igus v\u00f5ib kaduda kuni 100 000 t\u00f6\u00f6kohta. Saksamaa autot\u00f6\u00f6stuse liidu hinnangul v\u00f5ib sektorist 2035. aastaks kaduda veel 225 000 t\u00f6\u00f6kohta.<\/p>\n","protected":false},"excerpt":{"rendered":"BMW teatas ulatuslikest \u00fcmberkorraldustest, mille raames kavatseb Saksa autohiid 2027. aasta l\u00f5puks v\u00e4hendada oma t\u00f6\u00f6tajate arvu ligi kaheksa&hellip;\n","protected":false},"author":2,"featured_media":240359,"comment_status":"","ping_status":"","sticky":false,"template":"","format":"standard","meta":{"footnotes":"","_share_on_mastodon":"0"},"categories":[14],"tags":[131,2135,1868,130,37,33,35,34,36,326,51],"class_list":["post-240358","post","type-post","status-publish","format-standard","has-post-thumbnail","category-ari","tag-ari","tag-autotoostus","tag-bmw","tag-business","tag-ee","tag-eesti","tag-eesti-keel","tag-estonia","tag-estonian","tag-hiina","tag-saksamaa"],"share_on_mastodon":{"url":"https:\/\/pubeurope.com\/@ee\/117008173074447729","error":""},"_links":{"self":[{"href":"https:\/\/www.europesays.com\/ee\/wp-json\/wp\/v2\/posts\/240358","targetHints":{"allow":["GET"]}}],"collection":[{"href":"https:\/\/www.europesays.com\/ee\/wp-json\/wp\/v2\/posts"}],"about":[{"href":"https:\/\/www.europesays.com\/ee\/wp-json\/wp\/v2\/types\/post"}],"author":[{"embeddable":true,"href":"https:\/\/www.europesays.com\/ee\/wp-json\/wp\/v2\/users\/2"}],"replies":[{"embeddable":true,"href":"https:\/\/www.europesays.com\/ee\/wp-json\/wp\/v2\/comments?post=240358"}],"version-history":[{"count":0,"href":"https:\/\/www.europesays.com\/ee\/wp-json\/wp\/v2\/posts\/240358\/revisions"}],"wp:featuredmedia":[{"embeddable":true,"href":"https:\/\/www.europesays.com\/ee\/wp-json\/wp\/v2\/media\/240359"}],"wp:attachment":[{"href":"https:\/\/www.europesays.com\/ee\/wp-json\/wp\/v2\/media?parent=240358"}],"wp:term":[{"taxonomy":"category","embeddable":true,"href":"https:\/\/www.europesays.com\/ee\/wp-json\/wp\/v2\/categories?post=240358"},{"taxonomy":"post_tag","embeddable":true,"href":"https:\/\/www.europesays.com\/ee\/wp-json\/wp\/v2\/tags?post=240358"}],"curies":[{"name":"wp","href":"https:\/\/api.w.org\/{rel}","templated":true}]}}