{"id":240370,"date":"2026-07-30T09:29:20","date_gmt":"2026-07-30T09:29:20","guid":{"rendered":"https:\/\/www.europesays.com\/ee\/240370\/"},"modified":"2026-07-30T09:29:20","modified_gmt":"2026-07-30T09:29:20","slug":"presidendivalimiste-muutunud-korrale-vaatamata-voib-kandidaadi-nime-esitada-eraldi-allkirjastatud-lehtedel","status":"publish","type":"post","link":"https:\/\/www.europesays.com\/ee\/240370\/","title":{"rendered":"Presidendivalimiste muutunud korrale vaatamata v\u00f5ib kandidaadi nime esitada eraldi allkirjastatud lehtedel"},"content":{"rendered":"<p>Olgugi et selle aasta algusest kehtib uus presidendikandidaatide esitamise kord, j\u00e4i kehtima praktika, et presidendikandidaadi registreerimiseks esitavad \u00fclesseadjad valimiskomisjonile kirjaliku esildise, mis v\u00f5ib koosneda mitmest eraldi allkirjastatud lehest ning sisaldada ka \u00fclesseadjate digitaalselt allkirjastatud esildisi.<\/p>\n<p>L\u00e4henevatel presidendivalimistel kehtib uus kandidaatide esitamise kord, sest riigikogu v\u00f5ttis t\u00e4navu veebruaris vastu seadusemuudatuse.<\/p>\n","protected":false},"excerpt":{"rendered":"Olgugi et selle aasta algusest kehtib uus presidendikandidaatide esitamise kord, j\u00e4i kehtima praktika, et presidendikandidaadi registreerimiseks esitavad \u00fclesseadjad&hellip;\n","protected":false},"author":2,"featured_media":240371,"comment_status":"","ping_status":"","sticky":false,"template":"","format":"standard","meta":{"footnotes":"","_share_on_mastodon":"0"},"categories":[5],"tags":[26,27,37,33,35,34,36,31,32,21,28,29,641,19,25,18841,640,23,24,22,20,31701,30],"class_list":["post-240370","post","type-post","status-publish","format-standard","has-post-thumbnail","category-uldised-uudised","tag-breaking-news","tag-breakingnews","tag-ee","tag-eesti","tag-eesti-keel","tag-estonia","tag-estonian","tag-featured-news","tag-featurednews","tag-headlines","tag-latest-news","tag-latestnews","tag-lauri-hussar","tag-news","tag-populaarseimad-lood","tag-presidendivalimised","tag-riigikogu","tag-top-stories","tag-topstories","tag-uldised-uudised","tag-uudised","tag-valimiskogu","tag-viimased-uudised"],"share_on_mastodon":{"url":"https:\/\/pubeurope.com\/@ee\/117008227548319249","error":""},"_links":{"self":[{"href":"https:\/\/www.europesays.com\/ee\/wp-json\/wp\/v2\/posts\/240370","targetHints":{"allow":["GET"]}}],"collection":[{"href":"https:\/\/www.europesays.com\/ee\/wp-json\/wp\/v2\/posts"}],"about":[{"href":"https:\/\/www.europesays.com\/ee\/wp-json\/wp\/v2\/types\/post"}],"author":[{"embeddable":true,"href":"https:\/\/www.europesays.com\/ee\/wp-json\/wp\/v2\/users\/2"}],"replies":[{"embeddable":true,"href":"https:\/\/www.europesays.com\/ee\/wp-json\/wp\/v2\/comments?post=240370"}],"version-history":[{"count":0,"href":"https:\/\/www.europesays.com\/ee\/wp-json\/wp\/v2\/posts\/240370\/revisions"}],"wp:featuredmedia":[{"embeddable":true,"href":"https:\/\/www.europesays.com\/ee\/wp-json\/wp\/v2\/media\/240371"}],"wp:attachment":[{"href":"https:\/\/www.europesays.com\/ee\/wp-json\/wp\/v2\/media?parent=240370"}],"wp:term":[{"taxonomy":"category","embeddable":true,"href":"https:\/\/www.europesays.com\/ee\/wp-json\/wp\/v2\/categories?post=240370"},{"taxonomy":"post_tag","embeddable":true,"href":"https:\/\/www.europesays.com\/ee\/wp-json\/wp\/v2\/tags?post=240370"}],"curies":[{"name":"wp","href":"https:\/\/api.w.org\/{rel}","templated":true}]}}