{"id":240452,"date":"2026-07-30T11:07:07","date_gmt":"2026-07-30T11:07:07","guid":{"rendered":"https:\/\/www.europesays.com\/ee\/240452\/"},"modified":"2026-07-30T11:07:07","modified_gmt":"2026-07-30T11:07:07","slug":"prantsusmaa-poleb-%e2%9f%a9-koiges-on-suudi-napoleon-iii","status":"publish","type":"post","link":"https:\/\/www.europesays.com\/ee\/240452\/","title":{"rendered":"PRANTSUSMAA P\u00d5LEB \u27e9 K\u00f5iges on s\u00fc\u00fcdi Napoleon III"},"content":{"rendered":"<p>Prantsusmaal on Bordeaux\u2019 l\u00e4hedal enneolematu kiirusega levivate tulekahjude eest evakueeritud \u00fcle 250 000 inimese, Hispaanias on p\u00f5lengute t\u00f5ttu kodunt lahkuma sunnitud rohkem kui 116 000 inimest.<\/p>\n<p>Teadlaste s\u00f5nul on hooaja neljandaks kuumalaineks valmistuva L\u00e4\u00e4ne-Euroopa erakordsete tulekahjude peap\u00f5hjus kliimamuutus, kuid nende ulatuse m\u00f5istmiseks tuleb arvestada ka seda, kuidas inimesed ise on maastikku aja jooksul \u00fcmber kujundanud, r\u00f5hutab CBC teadlaste hinnangutele tuginedes.<\/p>\n<p>Bordeaux\u2019st edelas laiuv m\u00e4nnimets on pikka aega olnud \u00fcks Prantsusmaa suuremaid insenertehnilisi edulugusid.<\/p>\n","protected":false},"excerpt":{"rendered":"Prantsusmaal on Bordeaux\u2019 l\u00e4hedal enneolematu kiirusega levivate tulekahjude eest evakueeritud \u00fcle 250 000 inimese, Hispaanias on p\u00f5lengute t\u00f5ttu&hellip;\n","protected":false},"author":2,"featured_media":240453,"comment_status":"","ping_status":"","sticky":false,"template":"","format":"standard","meta":{"footnotes":"","_share_on_mastodon":"0"},"categories":[80],"tags":[286,26,27,37,33,35,34,36,31,32,21,110,4326,28,29,95,29108,19,25,52,23,24,22,20,30,92,93,94],"class_list":["post-240452","post","type-post","status-publish","format-standard","has-post-thumbnail","category-maailm","tag-ajalugu","tag-breaking-news","tag-breakingnews","tag-ee","tag-eesti","tag-eesti-keel","tag-estonia","tag-estonian","tag-featured-news","tag-featurednews","tag-headlines","tag-hispaania","tag-kliima","tag-latest-news","tag-latestnews","tag-maailm","tag-metsatulekahju","tag-news","tag-populaarseimad-lood","tag-prantsusmaa","tag-top-stories","tag-topstories","tag-uldised-uudised","tag-uudised","tag-viimased-uudised","tag-world","tag-world-news","tag-worldnews"],"share_on_mastodon":{"url":"https:\/\/pubeurope.com\/@ee\/117008612989569460","error":""},"_links":{"self":[{"href":"https:\/\/www.europesays.com\/ee\/wp-json\/wp\/v2\/posts\/240452","targetHints":{"allow":["GET"]}}],"collection":[{"href":"https:\/\/www.europesays.com\/ee\/wp-json\/wp\/v2\/posts"}],"about":[{"href":"https:\/\/www.europesays.com\/ee\/wp-json\/wp\/v2\/types\/post"}],"author":[{"embeddable":true,"href":"https:\/\/www.europesays.com\/ee\/wp-json\/wp\/v2\/users\/2"}],"replies":[{"embeddable":true,"href":"https:\/\/www.europesays.com\/ee\/wp-json\/wp\/v2\/comments?post=240452"}],"version-history":[{"count":0,"href":"https:\/\/www.europesays.com\/ee\/wp-json\/wp\/v2\/posts\/240452\/revisions"}],"wp:featuredmedia":[{"embeddable":true,"href":"https:\/\/www.europesays.com\/ee\/wp-json\/wp\/v2\/media\/240453"}],"wp:attachment":[{"href":"https:\/\/www.europesays.com\/ee\/wp-json\/wp\/v2\/media?parent=240452"}],"wp:term":[{"taxonomy":"category","embeddable":true,"href":"https:\/\/www.europesays.com\/ee\/wp-json\/wp\/v2\/categories?post=240452"},{"taxonomy":"post_tag","embeddable":true,"href":"https:\/\/www.europesays.com\/ee\/wp-json\/wp\/v2\/tags?post=240452"}],"curies":[{"name":"wp","href":"https:\/\/api.w.org\/{rel}","templated":true}]}}