{"id":240506,"date":"2026-07-30T12:22:08","date_gmt":"2026-07-30T12:22:08","guid":{"rendered":"https:\/\/www.europesays.com\/ee\/240506\/"},"modified":"2026-07-30T12:22:08","modified_gmt":"2026-07-30T12:22:08","slug":"piinlik-lugu-itaalia-meedia-kuulutas-legendaarse-kapteni-ekslikult-surnuks-soccernet-ee","status":"publish","type":"post","link":"https:\/\/www.europesays.com\/ee\/240506\/","title":{"rendered":"Piinlik lugu: Itaalia meedia kuulutas legendaarse kapteni ekslikult surnuks &#8211; Soccernet.ee"},"content":{"rendered":"<p><img decoding=\"async\" src=\"https:\/\/www.europesays.com\/ee\/wp-content\/uploads\/2026\/07\/1785410697.jpg\" alt=\"K\u00f5lakad Franco Baresi lahkumisest osutusid valedeks. Foto: Scanpix \/ Bobby Yip \/ Reuters\"\/>&#13;\n<\/p>\n<p>Itaalia spordimeedias hakkas kolmap\u00e4eva \u00f5htul levima uudis, et koondise ja AC Milani legend Franco Baresi on surnud. \u00d5nneks oli tegu valeinfoga, kuid samas pani see paljud inimesed piinlikku olukorda. N\u00e4iteks j\u00f5udis Baresi lahkumise puhul juba kaastunnet avaldada ka Itaalia asepeaminister Matteo Salvini.<\/p>\n<p>Tuttospordi kaudu kiirelt paljudesse uudistekanalitesse j\u00f5udnud libauudise pidi l\u00f5puks \u00fcmber l\u00fckkama Milani klubi, kinnitades, et 66-aastane Baresi on endiselt meie seas, kuid m\u00e4rkides samas, et tema seisund on keeruline. &#8220;L\u00fckkame \u00fcmber Franco Baresit puudutavad kuulujutud. Francol on praegu keeruline ja tundlik aeg ning klubi on vankumatult talle ja ta perekonnale toeks. Palume k\u00f5igil tungivalt austada nende privaatsust ning l\u00f5petada kinnitamata k\u00f5lakate edastamine,&#8221; seisis klubi teates.&#13;\n<\/p>\n<p>Baresi avalikustas mullu augustis, et k\u00e4is operatsioonil, kus tema kopsust eemaldati sinna tekkinud s\u00f5lm. Enamasti on sellised moodustised healoomulised, kuid mitte alati. Baresi puhul on teada, et l\u00f5ikusele j\u00e4rgnes immunoteraapia kuur, mis on m\u00f5eldud v\u00e4hi ennetamiseks. T\u00e4iendavat infot pole Baresi viimase aasta jooksul oma tervise kohta jaganud, kuid n\u00e4iteks t\u00e4navu veebruaris ilmus ta ootamatult avalikkuse ette, kui kandis koos endise klubikaaslase Giuseppe Bergomiga Itaalias toimunud taliol\u00fcmpiam\u00e4ngude avatseremoonial ol\u00fcmpiatule t\u00f5rvikut.&#13;\n<\/p>\n<blockquote class=\"twitter-tweet\"><p>&#13;<\/p>\n<p lang=\"it\" dir=\"ltr\">AC Milan smentisce le false notizie circolate in questi minuti riguardanti Franco Baresi.<br \/>&#13;<br \/>\nFranco sta affrontando un momento delicato e il Club gli \u00e8 accanto con affetto, cos\u00ec come alla sua famiglia.<br \/>&#13;<br \/>\nInvitiamo tutti a rispettare la sua privacy e a non contribuire alla diffusione\u2026&#13;<br \/>\n\u2014 AC Milan (@acmilan) <a href=\"https:\/\/x.com\/acmilan\/status\/2082549579539435820?ref_src=twsrc%5Etfw\" rel=\"nofollow\">July 29, 2026<\/a><\/p>\n<\/blockquote>\n<p>Baresi veetis terve m\u00e4ngijakarj\u00e4\u00e4ri Milani ridades, olles liitunud nendega juba 12-aastasena. Esindusmeeskonnas m\u00e4ngis ta 20 aastat, tehes deb\u00fc\u00fcdi 1977. aastal ja pidades karj\u00e4\u00e4ri viimase kohtumise 1997. aastal. Kahe k\u00fcmnendi jooksul j\u00f5udis ta Milani s\u00e4rki kanda 716 v\u00f5istlusm\u00e4ngus, l\u00fc\u00fca 33 v\u00e4ravat ja anda 24 v\u00e4ravas\u00f6\u00f6tu. Baresi v\u00f5itis Milaniga kolmel korral Meistrite liiga ja tuli kuus korda Itaalia meistriks.&#13;\n<\/p>\n<p>Itaalia koondist esindas Baresi 81 korda ja l\u00f5i \u00fche v\u00e4rava. Ta krooniti 1982. aastal maailmameistriks, samuti kuulus ta Itaalia ridadesse 1990. aasta kodusel turniiril, kus saadi kolmas koht, ning 1994. aasta finaalis, kus kaotati Brasiiliale. Baresi oli m\u00e4nguj\u00e4rgses penaltiseerias itaallaste esimene l\u00f6\u00f6ja, kuid saatis palli \u00fcle v\u00e4rava. Kuna seej\u00e4rel eksisid veel nii Daniele Massaro kui ka Roberto Baggio, pidid itaallased tunnistama vastaste paremust. P\u00e4rast finaalturniiri pidas Baresi Itaalia eest veel samal s\u00fcgisel \u00fcheainsa kohtumise ning andis seej\u00e4rel kaptenipaela \u00fcle Paolo Maldinile.<\/p>\n","protected":false},"excerpt":{"rendered":"&#13; Itaalia spordimeedias hakkas kolmap\u00e4eva \u00f5htul levima uudis, et koondise ja AC Milani legend Franco Baresi on surnud.&hellip;\n","protected":false},"author":2,"featured_media":240507,"comment_status":"","ping_status":"","sticky":false,"template":"","format":"standard","meta":{"footnotes":"","_share_on_mastodon":"0"},"categories":[18],"tags":[95369,37,33,35,34,36,95370,109,1080,95371,159,158,95372],"class_list":["post-240506","post","type-post","status-publish","format-standard","has-post-thumbnail","category-sport","tag-baresi","tag-ee","tag-eesti","tag-eesti-keel","tag-estonia","tag-estonian","tag-franco-baresi","tag-itaalia","tag-milan","tag-salvini","tag-sport","tag-sports","tag-tuttosport"],"share_on_mastodon":{"url":"https:\/\/pubeurope.com\/@ee\/117008908358451139","error":""},"_links":{"self":[{"href":"https:\/\/www.europesays.com\/ee\/wp-json\/wp\/v2\/posts\/240506","targetHints":{"allow":["GET"]}}],"collection":[{"href":"https:\/\/www.europesays.com\/ee\/wp-json\/wp\/v2\/posts"}],"about":[{"href":"https:\/\/www.europesays.com\/ee\/wp-json\/wp\/v2\/types\/post"}],"author":[{"embeddable":true,"href":"https:\/\/www.europesays.com\/ee\/wp-json\/wp\/v2\/users\/2"}],"replies":[{"embeddable":true,"href":"https:\/\/www.europesays.com\/ee\/wp-json\/wp\/v2\/comments?post=240506"}],"version-history":[{"count":0,"href":"https:\/\/www.europesays.com\/ee\/wp-json\/wp\/v2\/posts\/240506\/revisions"}],"wp:featuredmedia":[{"embeddable":true,"href":"https:\/\/www.europesays.com\/ee\/wp-json\/wp\/v2\/media\/240507"}],"wp:attachment":[{"href":"https:\/\/www.europesays.com\/ee\/wp-json\/wp\/v2\/media?parent=240506"}],"wp:term":[{"taxonomy":"category","embeddable":true,"href":"https:\/\/www.europesays.com\/ee\/wp-json\/wp\/v2\/categories?post=240506"},{"taxonomy":"post_tag","embeddable":true,"href":"https:\/\/www.europesays.com\/ee\/wp-json\/wp\/v2\/tags?post=240506"}],"curies":[{"name":"wp","href":"https:\/\/api.w.org\/{rel}","templated":true}]}}