{"id":240524,"date":"2026-07-30T12:44:19","date_gmt":"2026-07-30T12:44:19","guid":{"rendered":"https:\/\/www.europesays.com\/ee\/240524\/"},"modified":"2026-07-30T12:44:19","modified_gmt":"2026-07-30T12:44:19","slug":"newcastle-unitedi-loots-lahkus-ametist-soccernet-ee","status":"publish","type":"post","link":"https:\/\/www.europesays.com\/ee\/240524\/","title":{"rendered":"Newcastle Unitedi loots lahkus ametist &#8211; Soccernet.ee"},"content":{"rendered":"<p>\u00a0<img decoding=\"async\" src=\"https:\/\/www.europesays.com\/ee\/wp-content\/uploads\/2026\/07\/1770641422.jpg\" alt=\"Eddie Howe lahkus Newcastle Unitedi eesotsast. Foto: Scanpix \/ Andrew Yates \/ Sportimage\"\/>&#13;\n<\/p>\n<p>\u00a0Newcastle Unitedi peatreener Eddie Howe lahkus peale viite aastat ametist, teatas BBC.\u00a0<\/p>\n<p>Howe sattus m\u00f6\u00f6dunud hooajal tugeva surve alla, kui Newcastle United l\u00f5petas Premier League&#8217;i alles 12. kohal, kaotades 38 liigam\u00e4ngust 17. Lootsi viimaseks kohtumiseks j\u00e4i hooajaeelne s\u00f5prusm\u00e4ng, kus Newcastle kaotas 1:4 Bristol Cityle.\u00a0&#13;\n<\/p>\n<p>Inglismaa v\u00e4ljaande s\u00f5nul valmistas Howe&#8217;ile \u00fcllatust klubi tegevus suvisel \u00fcleminekuturul, kuid ta m\u00f5istis, et m\u00e4ngijaid peab m\u00fc\u00fcma. Newcastle&#8217;ist lahkusid sel suvel kaks v\u00f5tmem\u00e4ngijat &#8211;\u00a0 Sandro Tonali Tottenham Hotspursi ja Anthony Gordon Barcelonasse.\u00a0M\u00f5ni kuu tagasi otsustas Howe ametisse j\u00e4\u00e4da, olgugi, et m\u00fc\u00fcgid on v\u00e4ltimatud. N\u00fc\u00fcd tema perspektiiv muutus.\u00a0&#13;\n<\/p>\n<p>The Athleticu teatel noolib Newcastle uueks peatreeneriks Al-Ahli lootsi Matthias Jaisslet. Sakslasest treener on tulnud kahel korral Austria meistriks ning t\u00fc\u00fcrinud Al-Ahli kahekordseks Aasia Meistrite liiga v\u00f5itjaks. Lisaks on Jaissle v\u00f5itnud ka Saudi superkarika.\u00a0<\/p>\n<p>Howe oli P\u00f5hja-Inglismaa klubi eesotsas 2021. aastast, kui asendas Steve Bruce&#8217;i. Inglane l\u00f5petas Newcastle&#8217;i 70-aastase karikap\u00f5ua ning j\u00f5udis meeskonnaga kaks korda Meistrite liigasse.\u00a0&#13;\n<\/p>\n<p>Newcastle Unitedi hooaja esimene m\u00e4ng Inglismaa k\u00f5rgliigas toimub 23. augustil Liverpooli vastu.\u00a0&#13;<\/p>\n","protected":false},"excerpt":{"rendered":"\u00a0&#13; \u00a0Newcastle Unitedi peatreener Eddie Howe lahkus peale viite aastat ametist, teatas BBC.\u00a0 Howe sattus m\u00f6\u00f6dunud hooajal tugeva&hellip;\n","protected":false},"author":2,"featured_media":240525,"comment_status":"","ping_status":"","sticky":false,"template":"","format":"standard","meta":{"footnotes":"","_share_on_mastodon":"0"},"categories":[18],"tags":[18421,37,33,35,34,36,18423,95378,95379,1615,6335,159,158],"class_list":["post-240524","post","type-post","status-publish","format-standard","has-post-thumbnail","category-sport","tag-eddie-howe","tag-ee","tag-eesti","tag-eesti-keel","tag-estonia","tag-estonian","tag-howe","tag-jaissle","tag-matthias-jaissle","tag-newcastle","tag-newcastle-united","tag-sport","tag-sports"],"share_on_mastodon":{"url":"https:\/\/pubeurope.com\/@ee\/117008994796447793","error":""},"_links":{"self":[{"href":"https:\/\/www.europesays.com\/ee\/wp-json\/wp\/v2\/posts\/240524","targetHints":{"allow":["GET"]}}],"collection":[{"href":"https:\/\/www.europesays.com\/ee\/wp-json\/wp\/v2\/posts"}],"about":[{"href":"https:\/\/www.europesays.com\/ee\/wp-json\/wp\/v2\/types\/post"}],"author":[{"embeddable":true,"href":"https:\/\/www.europesays.com\/ee\/wp-json\/wp\/v2\/users\/2"}],"replies":[{"embeddable":true,"href":"https:\/\/www.europesays.com\/ee\/wp-json\/wp\/v2\/comments?post=240524"}],"version-history":[{"count":0,"href":"https:\/\/www.europesays.com\/ee\/wp-json\/wp\/v2\/posts\/240524\/revisions"}],"wp:featuredmedia":[{"embeddable":true,"href":"https:\/\/www.europesays.com\/ee\/wp-json\/wp\/v2\/media\/240525"}],"wp:attachment":[{"href":"https:\/\/www.europesays.com\/ee\/wp-json\/wp\/v2\/media?parent=240524"}],"wp:term":[{"taxonomy":"category","embeddable":true,"href":"https:\/\/www.europesays.com\/ee\/wp-json\/wp\/v2\/categories?post=240524"},{"taxonomy":"post_tag","embeddable":true,"href":"https:\/\/www.europesays.com\/ee\/wp-json\/wp\/v2\/tags?post=240524"}],"curies":[{"name":"wp","href":"https:\/\/api.w.org\/{rel}","templated":true}]}}