{"id":240590,"date":"2026-07-30T14:13:12","date_gmt":"2026-07-30T14:13:12","guid":{"rendered":"https:\/\/www.europesays.com\/ee\/240590\/"},"modified":"2026-07-30T14:13:12","modified_gmt":"2026-07-30T14:13:12","slug":"nafta-inflatsioon-ja-intressid-sokk-ei-murdnud-maailmamajandust-rup-ee","status":"publish","type":"post","link":"https:\/\/www.europesays.com\/ee\/240590\/","title":{"rendered":"Nafta, inflatsioon ja intressid: \u0161okk ei murdnud maailmamajandust &#8211; Rup.ee"},"content":{"rendered":"<ol>\n<li><a href=\"https:\/\/news.google.com\/rss\/articles\/CBMiqgFBVV95cUxOVDVGbm9WNmZEQ1FVaUJwSlZyeUV5Ykp0NVliZldyUi0yYzhHNlQxdjFJbEtFUXp1UEh6cVUxbEpzc0djNFU1Mk9nZllFam9wNWt6emJBODBFZVBEVXhyc2RDb1VuQzhVZnZubmFqUkNDVnkxNGptczA3bHZiSGFaNnVjSlNNWlRjVzRUb1VsNUgyNGh4dVoxb3dadzhMZWVoZkIxMGRDUDBEdw?oc=5\" target=\"_blank\" rel=\"nofollow noopener\">Nafta, inflatsioon ja intressid: \u0161okk ei murdnud maailmamajandust<\/a>&nbsp;&nbsp;Rup.ee<\/li>\n<li><a href=\"https:\/\/news.google.com\/rss\/articles\/CBMitAFBVV95cUxQSjVmWmxzVmZ2dTZuenB5OWRtaW5uUmhMMVN0VTZZNXQxXzkxYm5scEI0ZDdIVUFtM3h4Q294ZGlLZndjRnhjS3d2T0JNTFJ4blItVUhEN3g4a215YTA2R3lwYnUxSXNYeGtpTWZzRzB4aFpfeXVvLXdmUkttYU0wd3lTaGpuZ0t1cmxIZ3VTdnpRbS01S2dETlk4ajkxa1pPUVpBTlk3SU5lWk9tXzlTUEM1Z2Q?oc=5\" target=\"_blank\" rel=\"nofollow noopener\">Eesti Pank hoiatab: laenuv\u00f5tja peaks arvestama v\u00e4hemalt neljaprotsendise intressiga<\/a>&nbsp;&nbsp;\u00d5htuleht<\/li>\n<li><a href=\"https:\/\/news.google.com\/rss\/articles\/CBMipAFBVV95cUxPWEE2bVVlUW9yQllkNUdSMmJPMXJ2S092S0hUdFFKYUl2Yll0dVJIa3Bfb1Iyb1RkcHFCZUhjNU11dUs4MjZkMkM0ODI2TFZyM20tSTk2THNpZnB0VktadnF2cnZGRjZCMzAzMlJZMnFhSzBUZlRtNmdHV2lRQWhmV1Bmdnhrd3NqdlBDeTV0Z2FNRzZncGw1VVlab1AybTloSlJ2UQ?oc=5\" target=\"_blank\" rel=\"nofollow noopener\">Euroopat \u00e4hvardab hinna\u0161okk ja oodatust suurem euribori h\u00fcpe<\/a>&nbsp;&nbsp;\u00c4rip\u00e4ev<\/li>\n<li><a href=\"https:\/\/news.google.com\/rss\/articles\/CBMiiAFBVV95cUxOd1VrSnhnS1ZUeUc0NjFPeHUzMVdtOC1lc2FjQVpHazhGeHBTdmlDMktlU2ZjMmVfVl9nNlQzZWFpVDNnYzUzMHlmRl9xTEg1N2JjRnBDbndYdnV5MTRnc3lQVnBZU3A1SG9IVXlzRnVPXzJoY3M0VzBJZndsSnlKNGdkMXBBYnVM?oc=5\" target=\"_blank\" rel=\"nofollow noopener\">Euroopa keskpank j\u00e4ttis baasintressim\u00e4\u00e4rad muutmata<\/a>&nbsp;&nbsp;ERR<\/li>\n<li><a href=\"https:\/\/news.google.com\/rss\/articles\/CBMiuAFBVV95cUxPMEpMM1V3Y0hvUVNreVZDVTh3RmgzQnNVd1QweS03YU9fRkhJcXZWc3p5bXN0U0RDZmRJdXlBWGVUT3dtbmFjNTQ2T3d6bTNmZ1V2Z1pWaXRPMXdQUndxUzFDdTNNdEVlSTNDMEZpVElMblRNb2RyengyckZfOVAyY1V3RDBXMk1mYmNUdmtaYWFKR2RjZi1lU3laVExvRjVDc1hGSTFaeFZyXzRyY2JvWTlWeTBpZDlO?oc=5\" target=\"_blank\" rel=\"nofollow noopener\">Eesti Panga president: Ameerika m\u00e4ed energiaturul hoiavad hinnat\u00f5usuriski \u00fcleval<\/a>&nbsp;&nbsp;Majandus<\/li>\n<\/ol>\n","protected":false},"excerpt":{"rendered":"Nafta, inflatsioon ja intressid: \u0161okk ei murdnud maailmamajandust&nbsp;&nbsp;Rup.ee Eesti Pank hoiatab: laenuv\u00f5tja peaks arvestama v\u00e4hemalt neljaprotsendise intressiga&nbsp;&nbsp;\u00d5htuleht Euroopat&hellip;\n","protected":false},"author":2,"featured_media":240591,"comment_status":"","ping_status":"","sticky":false,"template":"","format":"standard","meta":{"footnotes":"","_share_on_mastodon":"0"},"categories":[14],"tags":[131,130,37,33,35,34,36,3722,3466,29878,4257],"class_list":["post-240590","post","type-post","status-publish","format-standard","has-post-thumbnail","category-ari","tag-ari","tag-business","tag-ee","tag-eesti","tag-eesti-keel","tag-estonia","tag-estonian","tag-inflatsioon","tag-intressid","tag-maailmamajandus","tag-nafta"],"share_on_mastodon":{"url":"https:\/\/pubeurope.com\/@ee\/117009344693879595","error":""},"_links":{"self":[{"href":"https:\/\/www.europesays.com\/ee\/wp-json\/wp\/v2\/posts\/240590","targetHints":{"allow":["GET"]}}],"collection":[{"href":"https:\/\/www.europesays.com\/ee\/wp-json\/wp\/v2\/posts"}],"about":[{"href":"https:\/\/www.europesays.com\/ee\/wp-json\/wp\/v2\/types\/post"}],"author":[{"embeddable":true,"href":"https:\/\/www.europesays.com\/ee\/wp-json\/wp\/v2\/users\/2"}],"replies":[{"embeddable":true,"href":"https:\/\/www.europesays.com\/ee\/wp-json\/wp\/v2\/comments?post=240590"}],"version-history":[{"count":0,"href":"https:\/\/www.europesays.com\/ee\/wp-json\/wp\/v2\/posts\/240590\/revisions"}],"wp:featuredmedia":[{"embeddable":true,"href":"https:\/\/www.europesays.com\/ee\/wp-json\/wp\/v2\/media\/240591"}],"wp:attachment":[{"href":"https:\/\/www.europesays.com\/ee\/wp-json\/wp\/v2\/media?parent=240590"}],"wp:term":[{"taxonomy":"category","embeddable":true,"href":"https:\/\/www.europesays.com\/ee\/wp-json\/wp\/v2\/categories?post=240590"},{"taxonomy":"post_tag","embeddable":true,"href":"https:\/\/www.europesays.com\/ee\/wp-json\/wp\/v2\/tags?post=240590"}],"curies":[{"name":"wp","href":"https:\/\/api.w.org\/{rel}","templated":true}]}}