{"id":240594,"date":"2026-07-30T14:15:12","date_gmt":"2026-07-30T14:15:12","guid":{"rendered":"https:\/\/www.europesays.com\/ee\/240594\/"},"modified":"2026-07-30T14:15:12","modified_gmt":"2026-07-30T14:15:12","slug":"ejs-i-vaisas-face-ametnik-eesti-jahimeeste-selts","status":"publish","type":"post","link":"https:\/\/www.europesays.com\/ee\/240594\/","title":{"rendered":"EJS-i v\u00e4isas FACE ametnik &#8211; Eesti Jahimeeste Selts"},"content":{"rendered":"<p>            <a href=\"https:\/\/www.europesays.com\/ee\/wp-content\/uploads\/2026\/07\/ejsi-kulastas-face-amentik.webp\" data-caption=\"Foto: EJS\"><img loading=\"lazy\" decoding=\"async\" width=\"2200\" height=\"1650\" class=\"entry-thumb td-modal-image\" src=\"https:\/\/www.europesays.com\/ee\/wp-content\/uploads\/2026\/07\/ejsi-kulastas-face-amentik.webp\"   alt=\"\" title=\"ejsi k\u00fclastas face amentik\"\/><\/a>Foto: EJS<\/p>\n<p>30. juulil v\u00e4isas EJS-i Euroopa jahimeeste keskorganisatsiooni FACE\u00b4i avalike suhete n\u00f5unik Andre Gresser.<\/p>\n<p>Temaga kohtusid tegevjuht T\u00f5nis Korts ja pressiesindaja Andra Hamburg.<\/p>\n<p>Koosolekul arutati erinevaid jahinduse teemasid, detailsemalt peatuti suurkiskjate ohjamisel Euroopa liidus.<\/p>\n<p>Hr Gresser andis \u00fclevaate FACE tegemistest ja l\u00e4hiaja plaanidest. EJS-i esindajad r\u00e4\u00e4kisid suurkiskjate populatsioonide seisust ja k\u00fcttimisest Eestis.<\/p>\n","protected":false},"excerpt":{"rendered":"Foto: EJS 30. juulil v\u00e4isas EJS-i Euroopa jahimeeste keskorganisatsiooni FACE\u00b4i avalike suhete n\u00f5unik Andre Gresser. Temaga kohtusid tegevjuht&hellip;\n","protected":false},"author":2,"featured_media":240595,"comment_status":"","ping_status":"","sticky":false,"template":"","format":"standard","meta":{"footnotes":"","_share_on_mastodon":"0"},"categories":[12],"tags":[26,27,37,33,35,2831,34,36,6801,31,32,21,15647,11001,28,29,19,25,23,24,22,20,95397,30],"class_list":["post-240594","post","type-post","status-publish","format-standard","has-post-thumbnail","category-eesti","tag-breaking-news","tag-breakingnews","tag-ee","tag-eesti","tag-eesti-keel","tag-ejs","tag-estonia","tag-estonian","tag-face","tag-featured-news","tag-featurednews","tag-headlines","tag-koosolek","tag-koostoo","tag-latest-news","tag-latestnews","tag-news","tag-populaarseimad-lood","tag-top-stories","tag-topstories","tag-uldised-uudised","tag-uudised","tag-valissuhted","tag-viimased-uudised"],"share_on_mastodon":{"url":"https:\/\/pubeurope.com\/@ee\/117009352549871391","error":""},"_links":{"self":[{"href":"https:\/\/www.europesays.com\/ee\/wp-json\/wp\/v2\/posts\/240594","targetHints":{"allow":["GET"]}}],"collection":[{"href":"https:\/\/www.europesays.com\/ee\/wp-json\/wp\/v2\/posts"}],"about":[{"href":"https:\/\/www.europesays.com\/ee\/wp-json\/wp\/v2\/types\/post"}],"author":[{"embeddable":true,"href":"https:\/\/www.europesays.com\/ee\/wp-json\/wp\/v2\/users\/2"}],"replies":[{"embeddable":true,"href":"https:\/\/www.europesays.com\/ee\/wp-json\/wp\/v2\/comments?post=240594"}],"version-history":[{"count":0,"href":"https:\/\/www.europesays.com\/ee\/wp-json\/wp\/v2\/posts\/240594\/revisions"}],"wp:featuredmedia":[{"embeddable":true,"href":"https:\/\/www.europesays.com\/ee\/wp-json\/wp\/v2\/media\/240595"}],"wp:attachment":[{"href":"https:\/\/www.europesays.com\/ee\/wp-json\/wp\/v2\/media?parent=240594"}],"wp:term":[{"taxonomy":"category","embeddable":true,"href":"https:\/\/www.europesays.com\/ee\/wp-json\/wp\/v2\/categories?post=240594"},{"taxonomy":"post_tag","embeddable":true,"href":"https:\/\/www.europesays.com\/ee\/wp-json\/wp\/v2\/tags?post=240594"}],"curies":[{"name":"wp","href":"https:\/\/api.w.org\/{rel}","templated":true}]}}