{"id":240722,"date":"2026-07-30T17:07:07","date_gmt":"2026-07-30T17:07:07","guid":{"rendered":"https:\/\/www.europesays.com\/ee\/240722\/"},"modified":"2026-07-30T17:07:07","modified_gmt":"2026-07-30T17:07:07","slug":"video-alika-ja-raul-esko-taas-uhisel-votteplatsil-see-on-kattemaks-rauli-poolt","status":"publish","type":"post","link":"https:\/\/www.europesays.com\/ee\/240722\/","title":{"rendered":"VIDEO | Alika ja Raul Esko taas \u00fchisel v\u00f5tteplatsil. \u201eSee on k\u00e4ttemaks Rauli poolt!\u201c"},"content":{"rendered":"<p>S\u00e4mi TikToki videos on n\u00e4ha, kuidas Alika \u00fclakeha kaetakse halli teibiga. \u201eSee on k\u00e4ttemaks Rauli poolt,\u201c naljatab lauljatar. \u201eMa naudin, jah,\u201c vastab Esko. Kui Alika m\u00e4rgib, kui \u00f5nnelik Raul n\u00e4ib, l\u00e4heb mees naljaga kaasa. Olukord ajab naerma ka \u00fclej\u00e4\u00e4nud v\u00f5ttemeeskonna.<\/p>\n<p>Klipp valmis S\u00e4mi ja Alika uue loo \u201eKissitavad silmad\u201c muusikavideo v\u00f5tetel. Hall teip oli osa muusikavideo visuaalsest lahendusest. Re\u017eii ja montaa\u017ei eest vastutas EskoBros.<\/p>\n<p>Endise paari pingevaba suhtlus p\u00e4lvis kommentaariumis heakskiitu. \u201eMida mu silmad n\u00e4evad, elutervet huumoriga suhtlemist p\u00e4rast lahkuminekut? Ilus kohe vaadata, seda palju ei kohta,\u201c kirjutas \u00fcks kommenteerija.<\/p>\n<p>Alika ja Raul kinnitasid t\u00e4navu aprillis, et nende ligi poolteist aastat kestnud suhe on l\u00f5ppenud. Lauljatari s\u00f5nul mindi lahku s\u00f5bralikult ning professionaalne koost\u00f6\u00f6 j\u00e4tkub. \u201eOtsustasime Rauliga minna ametlikust suhtest v\u00e4lja professionaalsesse suhtesse,\u201c s\u00f5nas Alika toona. \u201eOleme ikka head kolleegid edasi ja saame h\u00e4sti l\u00e4bi. Teeme ka edaspidi toredaid musavideoid ja projekte,\u201c lisas ta.<\/p>\n<p>Kuidas see lugu Sind end tundma pani? Saada <a href=\"https:\/\/kroonika.delfi.ee\/artikkel\/120600690\/video-alika-ja-raul-esko-taas-uhisel-votteplatsil-see-on-kattemaks-rauli-poolt\/kommentaarid\" class=\"article-body-bottom__comment article-body-bottom__comment--write button button--primary button--size-auto\" rel=\"nofollow noopener\" target=\"_blank\"> Kommenteeri <\/a><a href=\"https:\/\/kroonika.delfi.ee\/artikkel\/120600690\/video-alika-ja-raul-esko-taas-uhisel-votteplatsil-see-on-kattemaks-rauli-poolt\/kommentaarid\" class=\"article-body-bottom__comment article-body-bottom__comment--read button button--size-auto\" rel=\"nofollow noopener\" target=\"_blank\"> Loe kommentaare (5)<\/a><\/p>\n","protected":false},"excerpt":{"rendered":"S\u00e4mi TikToki videos on n\u00e4ha, kuidas Alika \u00fclakeha kaetakse halli teibiga. \u201eSee on k\u00e4ttemaks Rauli poolt,\u201c naljatab lauljatar.&hellip;\n","protected":false},"author":2,"featured_media":240723,"comment_status":"","ping_status":"","sticky":false,"template":"","format":"standard","meta":{"footnotes":"","_share_on_mastodon":"0"},"categories":[16],"tags":[4763,37,33,35,173,34,36,140,12960],"class_list":["post-240722","post","type-post","status-publish","format-standard","has-post-thumbnail","category-meelelahutus","tag-alika-milova","tag-ee","tag-eesti","tag-eesti-keel","tag-entertainment","tag-estonia","tag-estonian","tag-meelelahutus","tag-raul-esko"],"share_on_mastodon":{"url":"https:\/\/pubeurope.com\/@ee\/117010028611902676","error":""},"_links":{"self":[{"href":"https:\/\/www.europesays.com\/ee\/wp-json\/wp\/v2\/posts\/240722","targetHints":{"allow":["GET"]}}],"collection":[{"href":"https:\/\/www.europesays.com\/ee\/wp-json\/wp\/v2\/posts"}],"about":[{"href":"https:\/\/www.europesays.com\/ee\/wp-json\/wp\/v2\/types\/post"}],"author":[{"embeddable":true,"href":"https:\/\/www.europesays.com\/ee\/wp-json\/wp\/v2\/users\/2"}],"replies":[{"embeddable":true,"href":"https:\/\/www.europesays.com\/ee\/wp-json\/wp\/v2\/comments?post=240722"}],"version-history":[{"count":0,"href":"https:\/\/www.europesays.com\/ee\/wp-json\/wp\/v2\/posts\/240722\/revisions"}],"wp:featuredmedia":[{"embeddable":true,"href":"https:\/\/www.europesays.com\/ee\/wp-json\/wp\/v2\/media\/240723"}],"wp:attachment":[{"href":"https:\/\/www.europesays.com\/ee\/wp-json\/wp\/v2\/media?parent=240722"}],"wp:term":[{"taxonomy":"category","embeddable":true,"href":"https:\/\/www.europesays.com\/ee\/wp-json\/wp\/v2\/categories?post=240722"},{"taxonomy":"post_tag","embeddable":true,"href":"https:\/\/www.europesays.com\/ee\/wp-json\/wp\/v2\/tags?post=240722"}],"curies":[{"name":"wp","href":"https:\/\/api.w.org\/{rel}","templated":true}]}}