{"id":240744,"date":"2026-07-30T17:45:10","date_gmt":"2026-07-30T17:45:10","guid":{"rendered":"https:\/\/www.europesays.com\/ee\/240744\/"},"modified":"2026-07-30T17:45:10","modified_gmt":"2026-07-30T17:45:10","slug":"pohlak-eesti-toetas-uefa-uhisavalduses-valjatoodut-taielikult-soccernet-ee","status":"publish","type":"post","link":"https:\/\/www.europesays.com\/ee\/240744\/","title":{"rendered":"Pohlak: Eesti toetas UEFA \u00fchisavalduses v\u00e4ljatoodut t\u00e4ielikult &#8211; Soccernet.ee"},"content":{"rendered":"<p><img decoding=\"async\" src=\"https:\/\/www.europesays.com\/ee\/wp-content\/uploads\/2026\/07\/1785432012.jpg\" alt=\"Aivar Pohlak. Foto: Katariina Peetson \/ jalgpall.ee\"\/>&#13;\n<\/p>\n<p>Eesti Jalgpalli Liidu (EJL) president Aivar Pohlaku s\u00f5nul toetas EJL t\u00e4ielikult Euroopa jalgpalliliidu <a href=\"https:\/\/soccernet.ee\/artikkel\/uefa-avaldus-ukski-euroopa-koondis-ei-osale-fifa-voistlustel-kuniks-erainvestorite-teema-on-laualt-maas\" target=\"_blank\" rel=\"nofollow noopener\">UEFA \u00fchisavaldust<\/a>, mille kohaselt UEFA on kategooriliselt MM-ile ja teistele FIFA turniiridele erainvestorite kaasamise vastu ning on valmis FIFA v\u00f5istlusi boikoteerima.<\/p>\n<p>&#8220;Euroopa alaliitude jaoks on FIFA plaanil kolm peamist murekohta. Esmalt juhtimine &#8211; jalgpallis saab otsustamine olla ainult jalgpallinimeste k\u00e4es. Teiseks protsessi l\u00e4biviimine &#8211; plaani v\u00e4ljat\u00f6\u00f6tamisse polnud kaasatud \u00fchtegi alaliitu, konf\u00f6deratsiooni ega teisi huvipooli. Kolmandaks raha &#8211; et toetada t\u00e4iendavalt liikmeid, ei ole tarvis kaasata erainvestoreid, kes avavad ukse raha jalgpallist v\u00e4lja liikumisele, vaid selle raha teenis FIFA juba erinevate v\u00f5istluste korraldamisega ja teenib ka tulevikus,&#8221; vahendab <a href=\"https:\/\/sport.err.ee\/1610099200\/pohlak-euroopa-alaliitude-jaoks-on-fifa-plaanil-kolm-peamist-murekohta\" target=\"_blank\" rel=\"nofollow noopener\">ERR<\/a> Pohlaku s\u00f5nu.&#13;\n<\/p>\n<p>&#8220;T\u00e4nasel koosolekul toetasime UEFA \u00fchisavalduses v\u00e4ljatoodut t\u00e4ielikult.&#8221;&#13;<\/p>\n","protected":false},"excerpt":{"rendered":"&#13; Eesti Jalgpalli Liidu (EJL) president Aivar Pohlaku s\u00f5nul toetas EJL t\u00e4ielikult Euroopa jalgpalliliidu UEFA \u00fchisavaldust, mille kohaselt&hellip;\n","protected":false},"author":2,"featured_media":240745,"comment_status":"","ping_status":"","sticky":false,"template":"","format":"standard","meta":{"footnotes":"","_share_on_mastodon":"0"},"categories":[5],"tags":[430,26,27,37,33,2246,35,1346,85463,34,36,31,32,3223,21,28,29,19,435,25,23,24,1345,22,20,30],"class_list":["post-240744","post","type-post","status-publish","format-standard","has-post-thumbnail","category-uldised-uudised","tag-aivar-pohlak","tag-breaking-news","tag-breakingnews","tag-ee","tag-eesti","tag-eesti-jalgpalli-liit","tag-eesti-keel","tag-ejl","tag-erainvestorid","tag-estonia","tag-estonian","tag-featured-news","tag-featurednews","tag-fifa","tag-headlines","tag-latest-news","tag-latestnews","tag-news","tag-pohlak","tag-populaarseimad-lood","tag-top-stories","tag-topstories","tag-uefa","tag-uldised-uudised","tag-uudised","tag-viimased-uudised"],"share_on_mastodon":{"url":"https:\/\/pubeurope.com\/@ee\/117010178336071039","error":""},"_links":{"self":[{"href":"https:\/\/www.europesays.com\/ee\/wp-json\/wp\/v2\/posts\/240744","targetHints":{"allow":["GET"]}}],"collection":[{"href":"https:\/\/www.europesays.com\/ee\/wp-json\/wp\/v2\/posts"}],"about":[{"href":"https:\/\/www.europesays.com\/ee\/wp-json\/wp\/v2\/types\/post"}],"author":[{"embeddable":true,"href":"https:\/\/www.europesays.com\/ee\/wp-json\/wp\/v2\/users\/2"}],"replies":[{"embeddable":true,"href":"https:\/\/www.europesays.com\/ee\/wp-json\/wp\/v2\/comments?post=240744"}],"version-history":[{"count":0,"href":"https:\/\/www.europesays.com\/ee\/wp-json\/wp\/v2\/posts\/240744\/revisions"}],"wp:featuredmedia":[{"embeddable":true,"href":"https:\/\/www.europesays.com\/ee\/wp-json\/wp\/v2\/media\/240745"}],"wp:attachment":[{"href":"https:\/\/www.europesays.com\/ee\/wp-json\/wp\/v2\/media?parent=240744"}],"wp:term":[{"taxonomy":"category","embeddable":true,"href":"https:\/\/www.europesays.com\/ee\/wp-json\/wp\/v2\/categories?post=240744"},{"taxonomy":"post_tag","embeddable":true,"href":"https:\/\/www.europesays.com\/ee\/wp-json\/wp\/v2\/tags?post=240744"}],"curies":[{"name":"wp","href":"https:\/\/api.w.org\/{rel}","templated":true}]}}