{"id":240794,"date":"2026-07-30T19:13:14","date_gmt":"2026-07-30T19:13:14","guid":{"rendered":"https:\/\/www.europesays.com\/ee\/240794\/"},"modified":"2026-07-30T19:13:14","modified_gmt":"2026-07-30T19:13:14","slug":"uus-radarisusteem-vabastab-laane-eesti-merealad-korguspiirangutest-ja-kiirendab-rohepooret","status":"publish","type":"post","link":"https:\/\/www.europesays.com\/ee\/240794\/","title":{"rendered":"Uus radaris\u00fcsteem vabastab L\u00e4\u00e4ne-Eesti merealad k\u00f5rguspiirangutest ja kiirendab rohep\u00f6\u00f6ret"},"content":{"rendered":"<p class=\"x_MsoNormal\">\u201eK\u00e4esolev suurprojekt on hea n\u00e4ide, kuidas riigikaitsesse tehtud investeering loob v\u00e4\u00e4rtust palju laiemalt. Uued radaris\u00fcsteemid parandavad oluliselt Eesti \u00f5huseiret ja lennuohutust, kuid samal ajal eemaldavad ka \u00fche suurima takistuse L\u00e4\u00e4ne-Eesti meretuuleparkide rajamisel. Tulemuseks on tugevam riigikaitse, suurem energiajulgeolek ja paremad v\u00f5imalused taastuvenergia arendamiseks,\u201c \u00fctles kaitseminister Hanno Pevkur.<\/p>\n<p class=\"x_MsoNormal\">Uus radaris\u00fcsteem v\u00f5imaldab toetada riiklikke kliima- ja energiajulgeoleku eesm\u00e4rke, tehes samal ajal h\u00e4davajalikke investeeringuid riigikaitsesse ning koost\u00f6\u00f6s Lennuliiklusteeninduse AS-ga ohutu lennuliiklusteenuse osutamisse.<\/p>\n<p class=\"x_MsoNormal\">Seni on meretuuleenergia arendamiseks sobivate alade valik olnud riigikaitseliste \u00f5huseirepiirangute t\u00f5ttu piiratud. K\u00e4imasoleva suurprojekti raames paigaldatavad kaasaegsed seadmed eemaldavad need barj\u00e4\u00e4rid: p\u00e4rast s\u00fcsteemi t\u00e4ielikku k\u00e4ivitamist kaovad k\u00f5rguspiirangud Liivi lahe piirkonnast ning Eesti suursaartelt \u2013 Saaremaalt, Hiiumaalt ja Vormsilt, luues otsesed eeldused efektiivsete meretuuleparkide rajamiseks.<\/p>\n<p class=\"x_MsoNormal\">Uuendatav radaris\u00fcsteem v\u00f5imaldab merre paigaldada kaasaegsed, enam kui 350 meetri k\u00f5rgused tuulegeneraatorid. Samuti tugevdab see oluliselt julgeolekut, parandades \u00f5huolukorra teadlikkust L\u00e4\u00e4ne-Eesti piirkonnas ja sellest kaugemal. Tegemist on mastaapse riikliku programmiga, mis t\u00e4idab lisaks riigikaitsele laiaulatuslikke tsiviil\u00fclesandeid. Muu hulgas kasvatab s\u00fcsteem lennuohutust, tagades tihedama koost\u00f6\u00f6 regiooni lennujuhtimise keskuste, P\u00f5hjamaade ning teiste Balti riikidega.<\/p>\n<p class=\"x_MsoNormal\">Enne uute seadmete paigaldamist ehitati piirkonnas v\u00e4lja v\u00f5i kaasajastati t\u00e4ielikult olemasolevad radaripositsioonid koos tehnos\u00fcsteemidega. Uuendatud s\u00fcsteemid v\u00f5eti lennujuhtimises osaliselt kasutusse juba 2025. aasta s\u00fcgisel, tagades sujuva ja turvalise \u00fclemineku uuele tehnoloogiale.<\/p>\n<p class=\"x_MsoNormal\">Strateegilise t\u00e4htsusega ettev\u00f5tmist viiakse ellu koost\u00f6\u00f6s Riigi Kaitseinvesteeringute Keskusega (RKIK). Projekti kogumaksumus on 66,8 miljonit eurot ning seda rahastatakse t\u00e4ies mahus Euroopa Liidu taasterahastu NextGenerationEU vahenditest.<\/p>\n","protected":false},"excerpt":{"rendered":"\u201eK\u00e4esolev suurprojekt on hea n\u00e4ide, kuidas riigikaitsesse tehtud investeering loob v\u00e4\u00e4rtust palju laiemalt. Uued radaris\u00fcsteemid parandavad oluliselt Eesti&hellip;\n","protected":false},"author":2,"featured_media":240795,"comment_status":"","ping_status":"","sticky":false,"template":"","format":"standard","meta":{"footnotes":"","_share_on_mastodon":"0"},"categories":[12],"tags":[95433,26,27,37,33,35,34,36,31,32,21,95429,13188,28,29,95427,95431,19,95434,95432,25,95428,23,24,22,20,30,95430],"class_list":["post-240794","post","type-post","status-publish","format-standard","has-post-thumbnail","category-eesti","tag-balti-riikidega","tag-breaking-news","tag-breakingnews","tag-ee","tag-eesti","tag-eesti-keel","tag-estonia","tag-estonian","tag-featured-news","tag-featurednews","tag-headlines","tag-hiiumaalt","tag-laane-eesti","tag-latest-news","tag-latestnews","tag-liivi-lahe","tag-meretuuleparkide","tag-news","tag-nextgenerationeu-vahenditest","tag-pohjamaade","tag-populaarseimad-lood","tag-saaremaalt","tag-top-stories","tag-topstories","tag-uldised-uudised","tag-uudised","tag-viimased-uudised","tag-vormsilt"],"share_on_mastodon":{"url":"https:\/\/pubeurope.com\/@ee\/117010524052689360","error":""},"_links":{"self":[{"href":"https:\/\/www.europesays.com\/ee\/wp-json\/wp\/v2\/posts\/240794","targetHints":{"allow":["GET"]}}],"collection":[{"href":"https:\/\/www.europesays.com\/ee\/wp-json\/wp\/v2\/posts"}],"about":[{"href":"https:\/\/www.europesays.com\/ee\/wp-json\/wp\/v2\/types\/post"}],"author":[{"embeddable":true,"href":"https:\/\/www.europesays.com\/ee\/wp-json\/wp\/v2\/users\/2"}],"replies":[{"embeddable":true,"href":"https:\/\/www.europesays.com\/ee\/wp-json\/wp\/v2\/comments?post=240794"}],"version-history":[{"count":0,"href":"https:\/\/www.europesays.com\/ee\/wp-json\/wp\/v2\/posts\/240794\/revisions"}],"wp:featuredmedia":[{"embeddable":true,"href":"https:\/\/www.europesays.com\/ee\/wp-json\/wp\/v2\/media\/240795"}],"wp:attachment":[{"href":"https:\/\/www.europesays.com\/ee\/wp-json\/wp\/v2\/media?parent=240794"}],"wp:term":[{"taxonomy":"category","embeddable":true,"href":"https:\/\/www.europesays.com\/ee\/wp-json\/wp\/v2\/categories?post=240794"},{"taxonomy":"post_tag","embeddable":true,"href":"https:\/\/www.europesays.com\/ee\/wp-json\/wp\/v2\/tags?post=240794"}],"curies":[{"name":"wp","href":"https:\/\/api.w.org\/{rel}","templated":true}]}}