{"id":240826,"date":"2026-07-30T20:17:31","date_gmt":"2026-07-30T20:17:31","guid":{"rendered":"https:\/\/www.europesays.com\/ee\/240826\/"},"modified":"2026-07-30T20:17:31","modified_gmt":"2026-07-30T20:17:31","slug":"mihkel-kirves-naaseb-parnu-korvpalliklubisse-sihtides-uusi-tiitleid","status":"publish","type":"post","link":"https:\/\/www.europesays.com\/ee\/240826\/","title":{"rendered":"Mihkel Kirves naaseb P\u00e4rnu korvpalliklubisse, sihtides uusi tiitleid"},"content":{"rendered":"<p class=\"text-muted-foreground text-[15px] leading-relaxed\">Eesti koondise m\u00e4ngija Mihkel Kirves, kes aitas P\u00e4rnu meeskonnal varem v\u00f5ita ajaloolise Eesti meistritiitli, s\u00f5lmis 28. juulil 2026 klubiga uue lepingu, tuues tagasi oma kogemuse ja liidriomadused p\u00e4rast kaheaastast eemalolekut.<\/p>\n<p><a class=\"border-border\/60 hover:border-foreground\/30 focus-visible:ring-foreground\/30 mt-3 flex items-center justify-between gap-3 border px-3 py-2 font-mono text-[10px] font-medium uppercase tracking-wide transition-colors duration-150 focus-visible:outline-none focus-visible:ring-2\" data-sentry-element=\"Link\" data-sentry-component=\"StoryCirculationTeaser\" data-sentry-source-file=\"StoryCirculation.tsx\" href=\"https:\/\/shortl.ee\/et\/estonia\" rel=\"nofollow noopener\" target=\"_blank\">T\u00c4NA \u00b7 11 LUGUVaata \u00fcle<\/a><\/p>\n<ul class=\"space-y-3 text-[15px] leading-relaxed\">\n<li class=\"flex gap-3\">\u2014Eesti koondise m\u00e4ngija Mihkel Kirves on s\u00f5lminud lepingu P\u00e4rnu korvpalliklubiga, t\u00e4histades oma naasmist meeskonda, kus ta alustas oma meeste korvpallikarj\u00e4\u00e4ri.<\/li>\n<li class=\"flex gap-3\">\u2014Kirves, kes m\u00e4ngis P\u00e4rnus aastatel 2012-2019 ja 2020-2023, aitas klubil varem v\u00f5ita ajaloolise Eesti meistritiitli.<\/li>\n<li class=\"flex gap-3\">\u2014Klubi teatas allkirjastamisest 28. juulil 2026, r\u00f5hutades Kirvese kogemust, f\u00fc\u00fcsilisust ja liidriomadusi, mida ta p\u00e4rast kaheaastast eemalolekut meeskonda tagasi toob.<\/li>\n<li class=\"flex gap-3\">\u2014Kirves v\u00e4ljendas oma rahulolu naasmise \u00fcle ja soovi aidata P\u00e4rnul taas medaleid v\u00f5ita.<\/li>\n<li class=\"flex gap-3\">\u2014P\u00e4rnu on eelseisvaks hooajaks s\u00f5lminud lepingud ka mitmete teiste m\u00e4ngijatega, sealhulgas Hendrik Eelm\u00e4e, Kaspar Lootuse, Kaur Erik Suuroru, Jesper Romani, Roger Hermeti, Taavi Vaikm\u00e4e, Ilja Sidorovi, Javeon Jonesi ja Kl\u0101vs Dubultsiga.<\/li>\n<\/ul>\n","protected":false},"excerpt":{"rendered":"Eesti koondise m\u00e4ngija Mihkel Kirves, kes aitas P\u00e4rnu meeskonnal varem v\u00f5ita ajaloolise Eesti meistritiitli, s\u00f5lmis 28. juulil 2026&hellip;\n","protected":false},"author":2,"featured_media":240827,"comment_status":"","ping_status":"","sticky":false,"template":"","format":"standard","meta":{"footnotes":"","_share_on_mastodon":"0"},"categories":[18],"tags":[37,33,35,34,36,1513,38385,837,3115,1421,159,158,16087],"class_list":["post-240826","post","type-post","status-publish","format-standard","has-post-thumbnail","category-sport","tag-ee","tag-eesti","tag-eesti-keel","tag-estonia","tag-estonian","tag-korvpall","tag-mangija","tag-meistriliiga","tag-mihkel-kirves","tag-parnu","tag-sport","tag-sports","tag-uleminekud"],"share_on_mastodon":{"url":"https:\/\/pubeurope.com\/@ee\/117010775770467006","error":""},"_links":{"self":[{"href":"https:\/\/www.europesays.com\/ee\/wp-json\/wp\/v2\/posts\/240826","targetHints":{"allow":["GET"]}}],"collection":[{"href":"https:\/\/www.europesays.com\/ee\/wp-json\/wp\/v2\/posts"}],"about":[{"href":"https:\/\/www.europesays.com\/ee\/wp-json\/wp\/v2\/types\/post"}],"author":[{"embeddable":true,"href":"https:\/\/www.europesays.com\/ee\/wp-json\/wp\/v2\/users\/2"}],"replies":[{"embeddable":true,"href":"https:\/\/www.europesays.com\/ee\/wp-json\/wp\/v2\/comments?post=240826"}],"version-history":[{"count":0,"href":"https:\/\/www.europesays.com\/ee\/wp-json\/wp\/v2\/posts\/240826\/revisions"}],"wp:featuredmedia":[{"embeddable":true,"href":"https:\/\/www.europesays.com\/ee\/wp-json\/wp\/v2\/media\/240827"}],"wp:attachment":[{"href":"https:\/\/www.europesays.com\/ee\/wp-json\/wp\/v2\/media?parent=240826"}],"wp:term":[{"taxonomy":"category","embeddable":true,"href":"https:\/\/www.europesays.com\/ee\/wp-json\/wp\/v2\/categories?post=240826"},{"taxonomy":"post_tag","embeddable":true,"href":"https:\/\/www.europesays.com\/ee\/wp-json\/wp\/v2\/tags?post=240826"}],"curies":[{"name":"wp","href":"https:\/\/api.w.org\/{rel}","templated":true}]}}