{"id":240916,"date":"2026-07-31T03:39:06","date_gmt":"2026-07-31T03:39:06","guid":{"rendered":"https:\/\/www.europesays.com\/ee\/240916\/"},"modified":"2026-07-31T03:39:06","modified_gmt":"2026-07-31T03:39:06","slug":"trumpi-vahendatud-ajalooline-kokkulepe-hamas-noustus-gazas-desarmeerima","status":"publish","type":"post","link":"https:\/\/www.europesays.com\/ee\/240916\/","title":{"rendered":"Trumpi vahendatud \u201eajalooline kokkulepe\u201c: Hamas n\u00f5ustus Gazas desarmeerima"},"content":{"rendered":"<p>Hamasi k\u00f5rge ametnik <a rel=\"noopener follow nofollow\" target=\"_blank\" href=\"https:\/\/www.bbc.com\/news\/live\/clyp18kwdnwt\" data-rel-date-range=\"[]\">teatas BBC-le<\/a>, et nad on n\u00f5ustunud USA rahukomitee plaaniga Gaza t\u00e4ielikuks desarmeerimiseks ning et peagi avaldatakse sellekohane ametlik avaldus. Iisrael ei ole veel oma seisukohta avaldanud.<\/p>\n<p>Trump \u00fctles, et kui desarmeerimine on l\u00f5pule viidud, t\u00f5mbub Iisrael t\u00f5mbub Gazast tagasi, ning nimetas kokkulepet otsustavaks sammuks selle suunas, et Gazat hakkaks l\u00f5puks valitsema uus <a rel=\"noopener nofollow\" target=\"_blank\" href=\"https:\/\/www.delfi.ee\/teema\/24594805\/palestiina\" tag-id=\"24594805\">Palestiina<\/a> valitsus.<\/p>\n<p>\u201eT\u00e4na j\u00f5udis Rahun\u00f5ukogu AJALOOLISE kokkuleppeni Hamasi ja k\u00f5igi teiste Gaza relvastatud r\u00fchmituste T\u00c4IELIKU DESARMEERIMISE osas,\u201c kirjutas Trump oma postituses sotsiaalmeediaplatvormil Truth Social. \u201eSee on monumentaalne samm p\u00fcsiva RAHU ja TURVALISUSE suunas.\u201c<\/p>\n<p>Hamasi desarmeerimine on osa USA vahendatud Gaza relvarahu plaani teisest etapist. Teine etapp h\u00f5lmab ka Gaza \u00fclesehitamist.<\/p>\n<p>BBC sai k\u00e4tte neljalehek\u00fcljelise tegevuskava teksti, milles on s\u00e4testatud mitmeetapiline protsess, mis seob Hamasi desarmeerimise Iisraeli v\u00e4gede j\u00e4rkj\u00e4rgulise tagasit\u00f5mbumisega ning rahvusvahelise stabiliseerimisj\u00f5udude toetusel tegutseva uue Palestiina \u00fcleminekuvalitsuse moodustamisega.<\/p>\n<p>USA ametnike s\u00f5nul p\u00f5hineb kava teadlikult nullusaldusel ja kontrollimehhanismidel, mille kohaselt ei saa ei Hamas ega Iisrael liikuda j\u00e4rgmisesse etappi enne, kui teine pool on oma kohustused t\u00e4itnud.<\/p>\n<p>Nad \u00fctlesid, et esmalt desarmeeritakse Gazas asuvad v\u00e4iksemad r\u00fchmitused, enne kui Hamas oma s\u00f5jalist infrastruktuuri lammutama hakkab, mis koosneb tunnelitest, relvalaohoonetest ja tootmisrajatistest \u2013 protsess, mis nende s\u00f5nul m\u00e4rkimisv\u00e4\u00e4rselt kauem aega v\u00f5tab.<\/p>\n<p>Kui tegevuskava etapid on l\u00f5pule viidud, omandab uus Palestiina omavalitsus t\u00e4ieliku kontrolli relvade \u00fcle Gazas.<\/p>\n<p>Uudist t\u00e4iendatakse lisainformatsiooni saabumisel.<\/p>\n<p>Kuidas see lugu Sind end tundma pani? Saada <a href=\"https:\/\/www.delfi.ee\/artikkel\/120600727\/trumpi-vahendatud-ajalooline-kokkulepe-hamas-noustus-gazas-desarmeerima\/kommentaarid\" class=\"article-body-bottom__comment article-body-bottom__comment--write button button--primary button--size-auto\" rel=\"nofollow noopener\" target=\"_blank\"> Kommenteeri <\/a><a href=\"https:\/\/www.delfi.ee\/artikkel\/120600727\/trumpi-vahendatud-ajalooline-kokkulepe-hamas-noustus-gazas-desarmeerima\/kommentaarid\" class=\"article-body-bottom__comment article-body-bottom__comment--read button button--size-auto\" rel=\"nofollow noopener\" target=\"_blank\"> Loe kommentaare (6)<\/a><\/p>\n","protected":false},"excerpt":{"rendered":"Hamasi k\u00f5rge ametnik teatas BBC-le, et nad on n\u00f5ustunud USA rahukomitee plaaniga Gaza t\u00e4ielikuks desarmeerimiseks ning et peagi&hellip;\n","protected":false},"author":2,"featured_media":240917,"comment_status":"","ping_status":"","sticky":false,"template":"","format":"standard","meta":{"footnotes":"","_share_on_mastodon":"0"},"categories":[80],"tags":[26,27,37,33,35,34,36,31,32,764,21,619,28,29,95,19,763,25,23,24,22,20,30,92,93,94],"class_list":["post-240916","post","type-post","status-publish","format-standard","has-post-thumbnail","category-maailm","tag-breaking-news","tag-breakingnews","tag-ee","tag-eesti","tag-eesti-keel","tag-estonia","tag-estonian","tag-featured-news","tag-featurednews","tag-hamas","tag-headlines","tag-iisrael","tag-latest-news","tag-latestnews","tag-maailm","tag-news","tag-palestiina","tag-populaarseimad-lood","tag-top-stories","tag-topstories","tag-uldised-uudised","tag-uudised","tag-viimased-uudised","tag-world","tag-world-news","tag-worldnews"],"share_on_mastodon":{"url":"https:\/\/pubeurope.com\/@ee\/117012513657766063","error":""},"_links":{"self":[{"href":"https:\/\/www.europesays.com\/ee\/wp-json\/wp\/v2\/posts\/240916","targetHints":{"allow":["GET"]}}],"collection":[{"href":"https:\/\/www.europesays.com\/ee\/wp-json\/wp\/v2\/posts"}],"about":[{"href":"https:\/\/www.europesays.com\/ee\/wp-json\/wp\/v2\/types\/post"}],"author":[{"embeddable":true,"href":"https:\/\/www.europesays.com\/ee\/wp-json\/wp\/v2\/users\/2"}],"replies":[{"embeddable":true,"href":"https:\/\/www.europesays.com\/ee\/wp-json\/wp\/v2\/comments?post=240916"}],"version-history":[{"count":0,"href":"https:\/\/www.europesays.com\/ee\/wp-json\/wp\/v2\/posts\/240916\/revisions"}],"wp:featuredmedia":[{"embeddable":true,"href":"https:\/\/www.europesays.com\/ee\/wp-json\/wp\/v2\/media\/240917"}],"wp:attachment":[{"href":"https:\/\/www.europesays.com\/ee\/wp-json\/wp\/v2\/media?parent=240916"}],"wp:term":[{"taxonomy":"category","embeddable":true,"href":"https:\/\/www.europesays.com\/ee\/wp-json\/wp\/v2\/categories?post=240916"},{"taxonomy":"post_tag","embeddable":true,"href":"https:\/\/www.europesays.com\/ee\/wp-json\/wp\/v2\/tags?post=240916"}],"curies":[{"name":"wp","href":"https:\/\/api.w.org\/{rel}","templated":true}]}}