{"id":240952,"date":"2026-07-31T05:00:10","date_gmt":"2026-07-31T05:00:10","guid":{"rendered":"https:\/\/www.europesays.com\/ee\/240952\/"},"modified":"2026-07-31T05:00:10","modified_gmt":"2026-07-31T05:00:10","slug":"foto-naitlejatari-jessica-alba-tutar-ullatas-muutunud-valimusega-2","status":"publish","type":"post","link":"https:\/\/www.europesays.com\/ee\/240952\/","title":{"rendered":"FOTO | N\u00e4itlejatari Jessica Alba t\u00fctar \u00fcllatas muutunud v\u00e4limusega"},"content":{"rendered":"<p>Kuldgloobusele nomineeritud n\u00e4itlejatari Jessica Alba (45) t\u00fctart Honor Warrenit (18) m\u00e4rgati 27. juulil maailmakuulsa filmi \u201e\u00dcle\u00f6\u00f6 30\u201c uusversiooni v\u00f5tteplatsil ema k\u00fclastamas. Noorel neiul olid juuksed roosaks ja lillaks v\u00e4rvitud. <\/p>\n<p>V\u00e4ljaandele Daily Mail j\u00e4\u00e4nud fotodel k\u00f5ndis Honor v\u00f5tteplatsil koos emaga, kandes valget T-s\u00e4rki, heledaid teksaseid ja mustvalgeid Adidas tosse. Ta t\u00e4iendas v\u00e4limust m\u00f5ne lihtsa kuldse ehte ja Diori kotiga.<\/p>\n<p>Honori ema Jessica, kes m\u00e4ngib \u201e\u00dcle\u00f6\u00f6 30\u201c uusversioonis, paistis olevat kost\u00fc\u00fcmis, kandes \u0161okolaadipruuni toppi ja pruuni nahkseelikut.<\/p>\n<p>Honor l\u00f5petas t\u00e4navu aasta keskkooli, kuhu tulid kohale nii tema ema kui ka filmiprodutsendist isa Cash Warren. Jessica postitas t\u00e4htsa p\u00e4eva puhul oma Instagrami kontole armsa pildi. \u201eMinu Honorcita \u2013 tundub, nagu oleks alles eile sind s\u00fcles hoidnud, kuid silmapilguga seisad n\u00fc\u00fcd siin, valmis alustama oma elu j\u00e4rgmist peat\u00fckki,\u201c kirjutas n\u00e4itlejanna toona Instagramis. \u201eKui ma silmad sulen, n\u00e4en ikka veel seda v\u00e4ikest t\u00fcdrukut, kes tahtis veel \u00fcht unelaulu, veel \u00fcht unejuttu ja l\u00f5putult kaisusid. Ja n\u00fc\u00fcd oled sa kooli l\u00f5petamas.\u201c<\/p>\n<p>V\u00e4idetavalt alustab neiu \u00f5pinguid s\u00fcgisest \u00fches Ameerika k\u00f5ige mainekamas \u00fcliikoolis Yale. <\/p>\n<p>\u201e\u00dcle\u00f6\u00f6 30\u201c uusversioon<\/p>\n<p><a rel=\"noopener nofollow\" target=\"_blank\" href=\"https:\/\/www.delfi.ee\/teema\/40886413\/netflix\" tag-id=\"40886413\">Netflix<\/a> on ametlikult kinnitanud, et armastatud romantiline kom\u00f6\u00f6dia \u201e\u00dcle\u00f6\u00f6 30\u201c saab uue t\u00f5lgenduse. Peaosades astuvad \u00fcles Emily Bader ja Logan Lerman, re\u017eiss\u00f6\u00f6riks on Brett Haley ning stsenaariumi kirjutab Hannah Marks. Algne filmi t\u00e4ht Jennifer Garner on projektiga seotud tegevprodutsendina.<\/p>\n<p>Kuigi s\u00fc\u017eee \u00fcksikasju hoitakse veel saladuses, on teada, et uus film ei ole originaali otsene j\u00e4rg, vaid t\u00e4nap\u00e4evane \u00fcmberjutustus. See t\u00e4hendab, et Jennifer Garner ja Mark Ruffalo ei naase oma algsetesse peaosadesse. Netflix ei ole veel avaldanud filmi esilinastuse kuup\u00e4eva, kuid projekt on aktiivses arenduses ning l\u00e4hikuudel on oodata rohkem infot n\u00e4itlejate ja loo kohta.<\/p>\n<p>Kuidas see lugu Sind end tundma pani? Saada <a href=\"https:\/\/kroonika.delfi.ee\/a\/120600649\/foto-naitlejatari-jessica-alba-tutar-ullatas-muutunud-valimusega\/kommentaarid\" class=\"article-body-bottom__comment article-body-bottom__comment--write button button--primary button--size-auto\" rel=\"nofollow noopener\" target=\"_blank\"> Kommenteeri <\/a><a href=\"https:\/\/kroonika.delfi.ee\/a\/120600649\/foto-naitlejatari-jessica-alba-tutar-ullatas-muutunud-valimusega\/kommentaarid\" class=\"article-body-bottom__comment article-body-bottom__comment--read button button--size-auto\" rel=\"nofollow noopener\" target=\"_blank\"> Loe kommentaare (3)<\/a><\/p>\n","protected":false},"excerpt":{"rendered":"Kuldgloobusele nomineeritud n\u00e4itlejatari Jessica Alba (45) t\u00fctart Honor Warrenit (18) m\u00e4rgati 27. juulil maailmakuulsa filmi \u201e\u00dcle\u00f6\u00f6 30\u201c uusversiooni&hellip;\n","protected":false},"author":2,"featured_media":240953,"comment_status":"","ping_status":"","sticky":false,"template":"","format":"standard","meta":{"footnotes":"","_share_on_mastodon":"0"},"categories":[91],"tags":[240,37,33,35,173,34,36,1809,241,140,8577,95417],"class_list":["post-240952","post","type-post","status-publish","format-standard","has-post-thumbnail","category-kuulsused","tag-celebrities","tag-ee","tag-eesti","tag-eesti-keel","tag-entertainment","tag-estonia","tag-estonian","tag-jessica-alba","tag-kuulsused","tag-meelelahutus","tag-netflix","tag-uleoo-30"],"share_on_mastodon":{"url":"https:\/\/pubeurope.com\/@ee\/117012832323443725","error":""},"_links":{"self":[{"href":"https:\/\/www.europesays.com\/ee\/wp-json\/wp\/v2\/posts\/240952","targetHints":{"allow":["GET"]}}],"collection":[{"href":"https:\/\/www.europesays.com\/ee\/wp-json\/wp\/v2\/posts"}],"about":[{"href":"https:\/\/www.europesays.com\/ee\/wp-json\/wp\/v2\/types\/post"}],"author":[{"embeddable":true,"href":"https:\/\/www.europesays.com\/ee\/wp-json\/wp\/v2\/users\/2"}],"replies":[{"embeddable":true,"href":"https:\/\/www.europesays.com\/ee\/wp-json\/wp\/v2\/comments?post=240952"}],"version-history":[{"count":0,"href":"https:\/\/www.europesays.com\/ee\/wp-json\/wp\/v2\/posts\/240952\/revisions"}],"wp:featuredmedia":[{"embeddable":true,"href":"https:\/\/www.europesays.com\/ee\/wp-json\/wp\/v2\/media\/240953"}],"wp:attachment":[{"href":"https:\/\/www.europesays.com\/ee\/wp-json\/wp\/v2\/media?parent=240952"}],"wp:term":[{"taxonomy":"category","embeddable":true,"href":"https:\/\/www.europesays.com\/ee\/wp-json\/wp\/v2\/categories?post=240952"},{"taxonomy":"post_tag","embeddable":true,"href":"https:\/\/www.europesays.com\/ee\/wp-json\/wp\/v2\/tags?post=240952"}],"curies":[{"name":"wp","href":"https:\/\/api.w.org\/{rel}","templated":true}]}}