{"id":240956,"date":"2026-07-31T05:08:11","date_gmt":"2026-07-31T05:08:11","guid":{"rendered":"https:\/\/www.europesays.com\/ee\/240956\/"},"modified":"2026-07-31T05:08:11","modified_gmt":"2026-07-31T05:08:11","slug":"trump-teatas-kokkuleppest-hamasi-taielikuks-desarmeerimiseks-valismaa","status":"publish","type":"post","link":"https:\/\/www.europesays.com\/ee\/240956\/","title":{"rendered":"Trump teatas kokkuleppest Hamasi t\u00e4ielikuks desarmeerimiseks | V\u00e4lismaa"},"content":{"rendered":"<p>USA president Donald Trump teatas neljap\u00e4eval kokkuleppest terrorir\u00fchmituse Hamas t\u00e4ielikuks desarmeerimiseks ja nimetas seda kriitiliseks sammuks uue Palestiina valitsuse suunas Gaza sektoris.<\/p>\n<p>&#8220;Rahun\u00f5ukogu saavutas t\u00e4na ajaloolise kokkuleppe Hamasi ja k\u00f5igi teiste Gaza relvar\u00fchmituste t\u00e4ielikuks desarmeerimiseks. See on monumentaalne samm p\u00fcsiva rahu ja julgeoleku suunas,&#8221; kirjutas Trump oma sotsiaalmeediaplatvormil Truth Social.<\/p>\n<p>&#8220;Kui desarmeerimine on l\u00f5pule viidud, siis t\u00f5mbuvad Iisraeli v\u00e4ed tagasi ning rahvusvahelised j\u00f5ud hakkavad tegema koost\u00f6\u00f6d uute Palestiina politseij\u00f5ududega, et v\u00f5tta vastutus Gaza julgeoleku eest,&#8221; lisas Trump.<\/p>\n<p>Hamasi k\u00f5rged esindajad kinnitasid reedel, et on saavutanud kokkuleppe konflikti l\u00f5petamiseks Iisraeliga. Hamas tegi avalduse p\u00e4rast Trumpi teadaannet, et relvar\u00fchmitus on valmis relvad loovutama.<\/p>\n<p>Kaks Palestiina islamistliku liikumise esindajat \u00fctlesid anon\u00fc\u00fcmsust paludes uudisteagentuurile AFP, et kokkulepe on saavutatud.<\/p>\n<p>Hamasi esindajad kinnitasid \u00fchtlasi, et kokkulepe sisaldab s\u00e4tteid, mis k\u00e4sitlevad r\u00fchmituse relvastust ja Iisraeli v\u00e4gede j\u00e4rkj\u00e4rgulist v\u00e4ljaviimist Gaza sektorist.<\/p>\n<p>&#8220;Relvastusk\u00fcsimuses on kokkuleppele j\u00f5utud. Samuti on saavutatud kokkulepe Iisraeli v\u00e4gede j\u00e4rkj\u00e4rgulise v\u00e4ljaviimise osas sektorist. N\u00fc\u00fcd oodatakse vahendajatelt ja rahun\u00f5ukogult tagatist, et Iisrael j\u00e4rgiks kokkuleppe tingimusi,&#8221; \u00fctles Hamasi esindaja.<\/p>\n<p>Hamasi desarmeerimise keeruline k\u00fcsimus on olnud \u00fcks peamisi komistuskive alates oktoobrist Iisraeli ja Gaza r\u00fchmituse vahel kehtiva relvarahukokkuleppe edendamisel. Trumpi 20-punktise Gaza rahuplaani kohaselt pidi relvarahu teine etapp h\u00f5lmama Hamasi desarmeerimist ja Iisraeli v\u00e4gede j\u00e4rkj\u00e4rgulist v\u00e4ljaviimist territooriumilt.<\/p>\n","protected":false},"excerpt":{"rendered":"USA president Donald Trump teatas neljap\u00e4eval kokkuleppest terrorir\u00fchmituse Hamas t\u00e4ielikuks desarmeerimiseks ja nimetas seda kriitiliseks sammuks uue Palestiina&hellip;\n","protected":false},"author":2,"featured_media":240957,"comment_status":"","ping_status":"","sticky":false,"template":"","format":"standard","meta":{"footnotes":"","_share_on_mastodon":"0"},"categories":[80],"tags":[26,27,37,33,35,34,36,31,32,620,764,21,619,28,29,95,19,25,23,24,22,325,20,30,92,93,94],"class_list":["post-240956","post","type-post","status-publish","format-standard","has-post-thumbnail","category-maailm","tag-breaking-news","tag-breakingnews","tag-ee","tag-eesti","tag-eesti-keel","tag-estonia","tag-estonian","tag-featured-news","tag-featurednews","tag-gaza","tag-hamas","tag-headlines","tag-iisrael","tag-latest-news","tag-latestnews","tag-maailm","tag-news","tag-populaarseimad-lood","tag-top-stories","tag-topstories","tag-uldised-uudised","tag-usa","tag-uudised","tag-viimased-uudised","tag-world","tag-world-news","tag-worldnews"],"share_on_mastodon":{"url":"https:\/\/pubeurope.com\/@ee\/117012863826630442","error":""},"_links":{"self":[{"href":"https:\/\/www.europesays.com\/ee\/wp-json\/wp\/v2\/posts\/240956","targetHints":{"allow":["GET"]}}],"collection":[{"href":"https:\/\/www.europesays.com\/ee\/wp-json\/wp\/v2\/posts"}],"about":[{"href":"https:\/\/www.europesays.com\/ee\/wp-json\/wp\/v2\/types\/post"}],"author":[{"embeddable":true,"href":"https:\/\/www.europesays.com\/ee\/wp-json\/wp\/v2\/users\/2"}],"replies":[{"embeddable":true,"href":"https:\/\/www.europesays.com\/ee\/wp-json\/wp\/v2\/comments?post=240956"}],"version-history":[{"count":0,"href":"https:\/\/www.europesays.com\/ee\/wp-json\/wp\/v2\/posts\/240956\/revisions"}],"wp:featuredmedia":[{"embeddable":true,"href":"https:\/\/www.europesays.com\/ee\/wp-json\/wp\/v2\/media\/240957"}],"wp:attachment":[{"href":"https:\/\/www.europesays.com\/ee\/wp-json\/wp\/v2\/media?parent=240956"}],"wp:term":[{"taxonomy":"category","embeddable":true,"href":"https:\/\/www.europesays.com\/ee\/wp-json\/wp\/v2\/categories?post=240956"},{"taxonomy":"post_tag","embeddable":true,"href":"https:\/\/www.europesays.com\/ee\/wp-json\/wp\/v2\/tags?post=240956"}],"curies":[{"name":"wp","href":"https:\/\/api.w.org\/{rel}","templated":true}]}}