{"id":240976,"date":"2026-07-31T05:39:10","date_gmt":"2026-07-31T05:39:10","guid":{"rendered":"https:\/\/www.europesays.com\/ee\/240976\/"},"modified":"2026-07-31T05:39:10","modified_gmt":"2026-07-31T05:39:10","slug":"molder-paases-dublini-m15-turniiril-veerandfinaali-tennis","status":"publish","type":"post","link":"https:\/\/www.europesays.com\/ee\/240976\/","title":{"rendered":"M\u00f6lder p\u00e4\u00e4ses Dublini M15 turniiril veerandfinaali | Tennis"},"content":{"rendered":"<p>Eesti tennisist Markus M\u00f6lder p\u00e4\u00e4ses Dublinis peetaval M15 ITF-i turniiril veerandfinaali, alistades teises ringis ameeriklase Matisse Farzami 7:5, 7:6 (7).<\/p>\n<p>ATP edetabelis 892. kohal paiknev M\u00f6lder kohtus maailma 1527. reketi Farzamiga esimest korda. Avasetis hoidsid m\u00f5lemad m\u00e4ngijad kindlalt servi kuni seisuni 3:3. Seitsmendas geimis p\u00e4\u00e4stis M\u00f6lder kolm murdepalli ning otsustaval hetkel murdis ise vastase servi, v\u00f5ites avaseti 7:5.<\/p>\n<p>Teises setis l\u00e4ks 19-aastane ameeriklane varakult murdega 2:0 juhtima, kuid M\u00f6lder vastas kiiresti ja viigistas seisu 2:2. Hiljem j\u00e4i eestlane 4:5 taha p\u00e4rast oma servi kaotamist, ent tegi kohe vastumurde. Seisul 6:5 oli M\u00f6lderil kasutada esimene mat\u0161pall, kuid kohtumise saatus otsustati siiski kiires l\u00f5ppm\u00e4ngus.<\/p>\n<p>Tasav\u00e4gises tie-break&#8217;is settpallini Farzam ei j\u00f5udnud ning M\u00f6lder kasutas oma teise mat\u0161palli, kindlustades 7:6 (7) setiv\u00f5idu ja koha veerandfinaalis.<\/p>\n<p>Seitsmendana asetatud M\u00f6lder kohtub veerandfinaalis turniiri neljanda asetusega iirlase Michael Agwiga (ATP 795.).<\/p>\n","protected":false},"excerpt":{"rendered":"Eesti tennisist Markus M\u00f6lder p\u00e4\u00e4ses Dublinis peetaval M15 ITF-i turniiril veerandfinaali, alistades teises ringis ameeriklase Matisse Farzami 7:5,&hellip;\n","protected":false},"author":2,"featured_media":240977,"comment_status":"","ping_status":"","sticky":false,"template":"","format":"standard","meta":{"footnotes":"","_share_on_mastodon":"0"},"categories":[18],"tags":[37,33,35,34,36,6878,159,158],"class_list":["post-240976","post","type-post","status-publish","format-standard","has-post-thumbnail","category-sport","tag-ee","tag-eesti","tag-eesti-keel","tag-estonia","tag-estonian","tag-markus-molder","tag-sport","tag-sports"],"share_on_mastodon":{"url":"https:\/\/pubeurope.com\/@ee\/117012985579280469","error":""},"_links":{"self":[{"href":"https:\/\/www.europesays.com\/ee\/wp-json\/wp\/v2\/posts\/240976","targetHints":{"allow":["GET"]}}],"collection":[{"href":"https:\/\/www.europesays.com\/ee\/wp-json\/wp\/v2\/posts"}],"about":[{"href":"https:\/\/www.europesays.com\/ee\/wp-json\/wp\/v2\/types\/post"}],"author":[{"embeddable":true,"href":"https:\/\/www.europesays.com\/ee\/wp-json\/wp\/v2\/users\/2"}],"replies":[{"embeddable":true,"href":"https:\/\/www.europesays.com\/ee\/wp-json\/wp\/v2\/comments?post=240976"}],"version-history":[{"count":0,"href":"https:\/\/www.europesays.com\/ee\/wp-json\/wp\/v2\/posts\/240976\/revisions"}],"wp:featuredmedia":[{"embeddable":true,"href":"https:\/\/www.europesays.com\/ee\/wp-json\/wp\/v2\/media\/240977"}],"wp:attachment":[{"href":"https:\/\/www.europesays.com\/ee\/wp-json\/wp\/v2\/media?parent=240976"}],"wp:term":[{"taxonomy":"category","embeddable":true,"href":"https:\/\/www.europesays.com\/ee\/wp-json\/wp\/v2\/categories?post=240976"},{"taxonomy":"post_tag","embeddable":true,"href":"https:\/\/www.europesays.com\/ee\/wp-json\/wp\/v2\/tags?post=240976"}],"curies":[{"name":"wp","href":"https:\/\/api.w.org\/{rel}","templated":true}]}}