{"id":240980,"date":"2026-07-31T05:41:10","date_gmt":"2026-07-31T05:41:10","guid":{"rendered":"https:\/\/www.europesays.com\/ee\/240980\/"},"modified":"2026-07-31T05:41:10","modified_gmt":"2026-07-31T05:41:10","slug":"trump-ei-ole-kindel-et-lubab-ukrainal-patrioti-rakette-tootma-hakata","status":"publish","type":"post","link":"https:\/\/www.europesays.com\/ee\/240980\/","title":{"rendered":"Trump ei ole kindel, et lubab Ukrainal Patrioti rakette tootma hakata"},"content":{"rendered":"<p>Trump \u00fctles eile, et ei ole kindel, kas <a rel=\"noopener nofollow\" target=\"_blank\" href=\"https:\/\/www.delfi.ee\/teema\/82789297\/washington\" tag-id=\"82789297\">Washington<\/a> annab Ukrainale rakettide tootmislitsentsi, ja lisas, et asja uuritakse.<\/p>\n<p>\u201eSee on v\u00e4ga erakordne relv ja \/&#8230;\/ me peame olema veidi ettevaatlikud, kellele me litsentsi anname. Me tegelikult ei litsentseeri varustust,\u201c lausus Trump.<\/p>\n<p>Juuli alguses <a rel=\"noopener nofollow\" target=\"_blank\" href=\"https:\/\/www.delfi.ee\/teema\/24581263\/nato\" tag-id=\"24581263\">NATO<\/a> tippkohtumisel <a rel=\"noopener nofollow\" target=\"_blank\" href=\"https:\/\/www.delfi.ee\/teema\/57255938\/ankara\" tag-id=\"57255938\">Ankaras<\/a> \u00fctles Trump, et annab Ukrainale litsentsi Patrioti rakettide tootmiseks.<\/p>\n<p>Patriotid on Ukraina jaoks elut\u00e4htsad <a rel=\"noopener nofollow\" target=\"_blank\" href=\"https:\/\/www.delfi.ee\/teema\/3\/venemaa\" tag-id=\"3\">Venemaa<\/a> ballistiliste rakettide t\u00f5rjumise jaoks.<\/p>\n<p>Paar p\u00e4eva tagasi Valges Majas Trumpiga kohtunud Ukraina president <a rel=\"noopener nofollow\" target=\"_blank\" href=\"https:\/\/www.delfi.ee\/teema\/85745477\/volodomor-zelenskoi\" tag-id=\"85745477\">Volod\u00f5m\u00f5r Zelensk\u00f5i<\/a> \u00fctles, et Trump n\u00f5ustus litsentsi andma.<\/p>\n<p>Zelensk\u00f5i lisas, et kohtus hiljuti Patrioti s\u00fcsteemi tootjatega. Patriote tootavad Lockheed ja RTX.<\/p>\n<p>Trump \u00fctles FT-le veel, et tema t\u00e4helepanu on keskendunud s\u00f5ja l\u00f5petamisele Ukrainas, ning lisas, et tema eriesindajad <a rel=\"noopener nofollow\" target=\"_blank\" href=\"https:\/\/www.delfi.ee\/teema\/76858148\/jared-kushner\" tag-id=\"76858148\">Jared Kushner<\/a> ja <a rel=\"noopener nofollow\" target=\"_blank\" href=\"https:\/\/www.delfi.ee\/teema\/96867289\/steve-witkoff\" tag-id=\"96867289\">Steve Witkoff<\/a> k\u00fclastavad l\u00e4hiajal esmakordselt Ukrainat.<\/p>\n<p>\u201eV\u00e4ga lihtsalt \u00f6eldes, me tahame, et <a rel=\"noopener nofollow\" target=\"_blank\" href=\"https:\/\/www.delfi.ee\/teema\/95998249\/soda-ukrainas-1\" tag-id=\"95998249\">s\u00f5da Ukrainas<\/a> Venemaaga l\u00f5peks,\u201c \u00fctles Trump. \u201eMa ei otsi rakette. Me otsime rahu.\u201c<\/p>\n<p>Kuidas see lugu Sind end tundma pani? Saada <a href=\"https:\/\/www.delfi.ee\/artikkel\/120600741\/trump-ei-ole-kindel-et-lubab-ukrainal-patrioti-rakette-tootma-hakata\/kommentaarid\" class=\"article-body-bottom__comment article-body-bottom__comment--write button button--primary button--size-auto\" rel=\"nofollow noopener\" target=\"_blank\"> Kommenteeri <\/a><a href=\"https:\/\/www.delfi.ee\/artikkel\/120600741\/trump-ei-ole-kindel-et-lubab-ukrainal-patrioti-rakette-tootma-hakata\/kommentaarid\" class=\"article-body-bottom__comment article-body-bottom__comment--read button button--size-auto\" rel=\"nofollow noopener\" target=\"_blank\"> Loe kommentaare (3)<\/a><\/p>\n","protected":false},"excerpt":{"rendered":"Trump \u00fctles eile, et ei ole kindel, kas Washington annab Ukrainale rakettide tootmislitsentsi, ja lisas, et asja uuritakse.&hellip;\n","protected":false},"author":2,"featured_media":240981,"comment_status":"","ping_status":"","sticky":false,"template":"","format":"standard","meta":{"footnotes":"","_share_on_mastodon":"0"},"categories":[80],"tags":[7529,26,27,324,37,33,35,34,36,31,32,21,8831,28,29,95,54,19,1787,25,107,8832,23,24,262,22,325,20,1177,96,30,263,2405,92,93,94],"class_list":["post-240980","post","type-post","status-publish","format-standard","has-post-thumbnail","category-maailm","tag-ankara","tag-breaking-news","tag-breakingnews","tag-donald-trump","tag-ee","tag-eesti","tag-eesti-keel","tag-estonia","tag-estonian","tag-featured-news","tag-featurednews","tag-headlines","tag-jared-kushner","tag-latest-news","tag-latestnews","tag-maailm","tag-nato","tag-news","tag-patriot","tag-populaarseimad-lood","tag-soda-ukrainas","tag-steve-witkoff","tag-top-stories","tag-topstories","tag-ukraina","tag-uldised-uudised","tag-usa","tag-uudised","tag-valge-maja-usa","tag-venemaa","tag-viimased-uudised","tag-volodomor-zelenskoi","tag-washington","tag-world","tag-world-news","tag-worldnews"],"share_on_mastodon":{"url":"","error":"Validation failed: Text character limit of 500 exceeded"},"_links":{"self":[{"href":"https:\/\/www.europesays.com\/ee\/wp-json\/wp\/v2\/posts\/240980","targetHints":{"allow":["GET"]}}],"collection":[{"href":"https:\/\/www.europesays.com\/ee\/wp-json\/wp\/v2\/posts"}],"about":[{"href":"https:\/\/www.europesays.com\/ee\/wp-json\/wp\/v2\/types\/post"}],"author":[{"embeddable":true,"href":"https:\/\/www.europesays.com\/ee\/wp-json\/wp\/v2\/users\/2"}],"replies":[{"embeddable":true,"href":"https:\/\/www.europesays.com\/ee\/wp-json\/wp\/v2\/comments?post=240980"}],"version-history":[{"count":0,"href":"https:\/\/www.europesays.com\/ee\/wp-json\/wp\/v2\/posts\/240980\/revisions"}],"wp:featuredmedia":[{"embeddable":true,"href":"https:\/\/www.europesays.com\/ee\/wp-json\/wp\/v2\/media\/240981"}],"wp:attachment":[{"href":"https:\/\/www.europesays.com\/ee\/wp-json\/wp\/v2\/media?parent=240980"}],"wp:term":[{"taxonomy":"category","embeddable":true,"href":"https:\/\/www.europesays.com\/ee\/wp-json\/wp\/v2\/categories?post=240980"},{"taxonomy":"post_tag","embeddable":true,"href":"https:\/\/www.europesays.com\/ee\/wp-json\/wp\/v2\/tags?post=240980"}],"curies":[{"name":"wp","href":"https:\/\/api.w.org\/{rel}","templated":true}]}}