{"id":240990,"date":"2026-07-31T05:51:11","date_gmt":"2026-07-31T05:51:11","guid":{"rendered":"https:\/\/www.europesays.com\/ee\/240990\/"},"modified":"2026-07-31T05:51:11","modified_gmt":"2026-07-31T05:51:11","slug":"kiirhinnang-juulis-tousid-hinnad-05-protsenti-majandus","status":"publish","type":"post","link":"https:\/\/www.europesays.com\/ee\/240990\/","title":{"rendered":"Kiirhinnang: juulis t\u00f5usid hinnad 0,5 protsenti | Majandus"},"content":{"rendered":"<p>Statistikaameti esialgsel hinnangul t\u00f5usis tarbijahindade harmoneeritud indeks juulis v\u00f5rreldes juuniga 0,5 protsenti. 2025. aasta juuliga v\u00f5rreldes t\u00f5usis indeks kaks protsenti.<\/p>\n<p>&#8220;Esialgsetel andmetel avaldasid juuli indeksile suurimat m\u00f5ju kallinenud eluasemega seotud kulud ning majutusteenused ja toitlustus,&#8221; kommenteeris statistikaameti tarbijahindade statistika anal\u00fc\u00fctik\u00a0Mark Herman Ilumets.<\/p>\n<p>Tegemist on kiirhinnanguga, mis juuli hindade kohta laekuvatel andmetel t\u00e4psustub.<\/p>\n<p>Tarbijahinnaindeks kasutab kaaludena Eesti elanike tarbimisstruktuuri Eestis, harmoneeritud indeks v\u00f5tab arvesse ka turistide tehtud kulutusi ning on v\u00f5rreldav rahvusvahelise indeksiga HICP (Harmonised Index of Consumer Prices).<\/p>\n<p>Juuli tarbijahinnaindeksi andmed avaldab statistikaamet reedel, 7. augustil.<\/p>\n","protected":false},"excerpt":{"rendered":"Statistikaameti esialgsel hinnangul t\u00f5usis tarbijahindade harmoneeritud indeks juulis v\u00f5rreldes juuniga 0,5 protsenti. 2025. aasta juuliga v\u00f5rreldes t\u00f5usis indeks&hellip;\n","protected":false},"author":2,"featured_media":240991,"comment_status":"","ping_status":"","sticky":false,"template":"","format":"standard","meta":{"footnotes":"","_share_on_mastodon":"0"},"categories":[14],"tags":[131,130,37,33,35,34,36,2559,6488],"class_list":["post-240990","post","type-post","status-publish","format-standard","has-post-thumbnail","category-ari","tag-ari","tag-business","tag-ee","tag-eesti","tag-eesti-keel","tag-estonia","tag-estonian","tag-statistikaamet","tag-tarbijahinnaindeks"],"share_on_mastodon":{"url":"https:\/\/pubeurope.com\/@ee\/117013032644729486","error":""},"_links":{"self":[{"href":"https:\/\/www.europesays.com\/ee\/wp-json\/wp\/v2\/posts\/240990","targetHints":{"allow":["GET"]}}],"collection":[{"href":"https:\/\/www.europesays.com\/ee\/wp-json\/wp\/v2\/posts"}],"about":[{"href":"https:\/\/www.europesays.com\/ee\/wp-json\/wp\/v2\/types\/post"}],"author":[{"embeddable":true,"href":"https:\/\/www.europesays.com\/ee\/wp-json\/wp\/v2\/users\/2"}],"replies":[{"embeddable":true,"href":"https:\/\/www.europesays.com\/ee\/wp-json\/wp\/v2\/comments?post=240990"}],"version-history":[{"count":0,"href":"https:\/\/www.europesays.com\/ee\/wp-json\/wp\/v2\/posts\/240990\/revisions"}],"wp:featuredmedia":[{"embeddable":true,"href":"https:\/\/www.europesays.com\/ee\/wp-json\/wp\/v2\/media\/240991"}],"wp:attachment":[{"href":"https:\/\/www.europesays.com\/ee\/wp-json\/wp\/v2\/media?parent=240990"}],"wp:term":[{"taxonomy":"category","embeddable":true,"href":"https:\/\/www.europesays.com\/ee\/wp-json\/wp\/v2\/categories?post=240990"},{"taxonomy":"post_tag","embeddable":true,"href":"https:\/\/www.europesays.com\/ee\/wp-json\/wp\/v2\/tags?post=240990"}],"curies":[{"name":"wp","href":"https:\/\/api.w.org\/{rel}","templated":true}]}}