{"id":241004,"date":"2026-07-31T06:05:08","date_gmt":"2026-07-31T06:05:08","guid":{"rendered":"https:\/\/www.europesays.com\/ee\/241004\/"},"modified":"2026-07-31T06:05:08","modified_gmt":"2026-07-31T06:05:08","slug":"toidukaupade-muuk-pooras-parast-pikka-kahanemist-taas-tousule-majandus","status":"publish","type":"post","link":"https:\/\/www.europesays.com\/ee\/241004\/","title":{"rendered":"Toidukaupade m\u00fc\u00fck p\u00f6\u00f6ras p\u00e4rast pikka kahanemist taas t\u00f5usule | Majandus"},"content":{"rendered":"<p>P\u00e4rast enam kui kahe-aastast kahanemist p\u00f6\u00f6ras toidukaupade m\u00fc\u00fck t\u00e4navu juunis taas t\u00f5usule. Statistikaameti andmetel oli jaekaupluste m\u00fc\u00fcgitulu juunis 950 miljonit eurot ja v\u00f5rreldes mullu sama kuuga suurenes m\u00fc\u00fcgimaht \u00fche protsendi v\u00f5rra.<\/p>\n<p>Statistikaameti juhtivanal\u00fc\u00fctik Johanna Linda Pihlak t\u00f5i v\u00e4lja, et jaekaubandusettev\u00f5tete m\u00fc\u00fcgimaht, mis mais kahanes, hakkas juunis taas kasvama. M\u00fc\u00fcgimahu suurenemist m\u00f5jutasid juunis toidukaupade kauplused, kus m\u00fc\u00fcgimaht kasvas p\u00e4rast enam kui kaks aastat kestnud v\u00e4henemist.<\/p>\n<p>&#8220;Toidukaupade kaupluste m\u00fc\u00fcgimaht suurenes eelmise aasta juuniga v\u00f5rreldes \u00fche protsendi. Viimati kasvas toidukaupade kaupluste m\u00fc\u00fcgimaht 2024. aasta m\u00e4rtsis,&#8221; t\u00e4psustas Pihlak.<\/p>\n<p><img decoding=\"async\" data-photo-id=\"3739714\" src=\"https:\/\/www.europesays.com\/ee\/wp-content\/uploads\/2026\/07\/3739714h9beet24.jpg\"\/>Jaekaubanduse indeks Autor\/allikas: Statistikaamet<\/p>\n<p>Nii mootorik\u00fctuste jaem\u00fc\u00fcgiga tegelevate ettev\u00f5tete kui ka t\u00f6\u00f6stuskaupade kaupluste m\u00fc\u00fcgimaht j\u00e4i 2025. aasta juuni tasemele.<\/p>\n<p>&#8220;Mootorik\u00fctuste jaem\u00fc\u00fcgiga tegelevate ettev\u00f5tete puhul tasub t\u00e4hele panna, et andmed ei sisalda ainult mootorik\u00fctuste m\u00fc\u00fcki, vaid kogum\u00fc\u00fcki, mille alla kuulub ka n\u00e4iteks toitlustusest ja muudelt kaupadelt ning teenustelt saadud tulu,&#8221; lisas juhtivanal\u00fc\u00fctik.<\/p>\n<p>Maiga v\u00f5rreldes suurenes jaekaubandusettev\u00f5tete m\u00fc\u00fcgimaht juunis kaks protsenti. Sesoonselt ja kalendaarselt korrigeeritud andmete p\u00f5hjal kasvas m\u00fc\u00fcgimaht eelmise kuuga v\u00f5rreldes \u00fcks protsent.<\/p>\n<p>T\u00e4navu esimese poolaastaga suurenes jaekaubandusettev\u00f5tete m\u00fc\u00fcgimaht eelmise aasta sama ajaga v\u00f5rreldes kolm protsenti.<\/p>\n","protected":false},"excerpt":{"rendered":"P\u00e4rast enam kui kahe-aastast kahanemist p\u00f6\u00f6ras toidukaupade m\u00fc\u00fck t\u00e4navu juunis taas t\u00f5usule. Statistikaameti andmetel oli jaekaupluste m\u00fc\u00fcgitulu juunis&hellip;\n","protected":false},"author":2,"featured_media":241005,"comment_status":"","ping_status":"","sticky":false,"template":"","format":"standard","meta":{"footnotes":"","_share_on_mastodon":"0"},"categories":[5],"tags":[26,27,37,33,35,34,36,31,32,21,11006,28,29,19,25,2559,95459,23,24,22,20,30],"class_list":["post-241004","post","type-post","status-publish","format-standard","has-post-thumbnail","category-uldised-uudised","tag-breaking-news","tag-breakingnews","tag-ee","tag-eesti","tag-eesti-keel","tag-estonia","tag-estonian","tag-featured-news","tag-featurednews","tag-headlines","tag-jaekaubandus","tag-latest-news","tag-latestnews","tag-news","tag-populaarseimad-lood","tag-statistikaamet","tag-toidukaupade-muuk","tag-top-stories","tag-topstories","tag-uldised-uudised","tag-uudised","tag-viimased-uudised"],"share_on_mastodon":{"url":"https:\/\/pubeurope.com\/@ee\/117013088180519884","error":""},"_links":{"self":[{"href":"https:\/\/www.europesays.com\/ee\/wp-json\/wp\/v2\/posts\/241004","targetHints":{"allow":["GET"]}}],"collection":[{"href":"https:\/\/www.europesays.com\/ee\/wp-json\/wp\/v2\/posts"}],"about":[{"href":"https:\/\/www.europesays.com\/ee\/wp-json\/wp\/v2\/types\/post"}],"author":[{"embeddable":true,"href":"https:\/\/www.europesays.com\/ee\/wp-json\/wp\/v2\/users\/2"}],"replies":[{"embeddable":true,"href":"https:\/\/www.europesays.com\/ee\/wp-json\/wp\/v2\/comments?post=241004"}],"version-history":[{"count":0,"href":"https:\/\/www.europesays.com\/ee\/wp-json\/wp\/v2\/posts\/241004\/revisions"}],"wp:featuredmedia":[{"embeddable":true,"href":"https:\/\/www.europesays.com\/ee\/wp-json\/wp\/v2\/media\/241005"}],"wp:attachment":[{"href":"https:\/\/www.europesays.com\/ee\/wp-json\/wp\/v2\/media?parent=241004"}],"wp:term":[{"taxonomy":"category","embeddable":true,"href":"https:\/\/www.europesays.com\/ee\/wp-json\/wp\/v2\/categories?post=241004"},{"taxonomy":"post_tag","embeddable":true,"href":"https:\/\/www.europesays.com\/ee\/wp-json\/wp\/v2\/tags?post=241004"}],"curies":[{"name":"wp","href":"https:\/\/api.w.org\/{rel}","templated":true}]}}