{"id":241082,"date":"2026-07-31T07:19:12","date_gmt":"2026-07-31T07:19:12","guid":{"rendered":"https:\/\/www.europesays.com\/ee\/241082\/"},"modified":"2026-07-31T07:19:12","modified_gmt":"2026-07-31T07:19:12","slug":"omniva-kahjum-ulatus-esimesel-poolaastal-13-miljoni-euroni-majandus","status":"publish","type":"post","link":"https:\/\/www.europesays.com\/ee\/241082\/","title":{"rendered":"Omniva kahjum ulatus esimesel poolaastal 1,3 miljoni euroni | Majandus"},"content":{"rendered":"<p>Eesti riigile kuuluva Omniva puhaskahjumiks kujunes teises kvartalis 0,3 miljonit eurot ning esimesel poolaastal 1,3 miljonit eurot, ettev\u00f5te kirjutab kahjumi eelk\u00f5ige postiteenuse arvele.<\/p>\n<p>Omniva esimese poolaasta m\u00fc\u00fcgituluks kujunes 78,2 miljonit eurot, mis on 10 protsenti enam v\u00f5rreldes m\u00f6\u00f6dunud aastaga. Kasvu vedas eelk\u00f5ige rahvusvaheline ehk Baltikumi-v\u00e4line pakitransiit, mille m\u00fc\u00fcgitulu suurenes esimesel poolaastal 39 protsenti, ulatudes 16,6 miljoni euroni, teatas ettev\u00f5te.<\/p>\n<p>Teises kvartalis teenis Omniva m\u00fc\u00fcgitulu 38,9 miljonit (\u00fcheksaprotsendine kasv v\u00f5rreldes varasema aastaga), millest 8,1 miljoni eurot tuli rahvusvahelisest transiidi\u00e4rist (20-protsedine kasv).<\/p>\n<p>Kontserni pakimaht kasvas teise kvartali jooksul 14 protsenti, j\u00f5udes 13,4 miljoni pakini, ning esimesel poolaastal kokku 17 protsenti, ulatudes 26,9 miljoni pakini. Sealjuures kasvasid pakimahud stabiilselt nii Baltikumis kui ka rahvusvahelises \u00e4ris, kuid Balti riikides piiras m\u00fc\u00fcgitulu samav\u00e4\u00e4rset kasvu \u00fcha tihenev konkurents ja sellega kaasnev hinnasurve, t\u00f5des Omniva.<\/p>\n<p>Tegevuse tulemuslikkus paraneb vaatamata postiteenuste kahjumile<\/p>\n<p>Kontserni normaliseeritud puhaskahjumiks kujunes teises kvartalis 0,3 miljonit eurot ning esimesel poolaastal 1,3 miljonit eurot. Ettev\u00f5te m\u00e4rgib, et t\u00e4nu kasvavale m\u00fc\u00fcgitulule ja efektiivsuse t\u00f5stmise meetmetele paranes normaliseeritud puhastulemus v\u00f5rreldes m\u00f6\u00f6dunud aasta esimese kuue kuu tulemustega 0,3 miljoni euro v\u00f5rra.<\/p>\n<p>Omniva kasumlikkust m\u00f5jutab j\u00e4tkuvalt postiteenuste osutamise kahjum Eestis. Universaalse postiteenuse ehk traditsioonilise posti teel saadetud kirjade ja pakkide maht v\u00e4henes teises kvartalis 14 protsenti ja esimesel poolaastal kokku 11 protsenti. Perioodika kojukande maht v\u00e4henes nii teises kvartalis kui ka esimesel poolaastal 9 protsenti.<\/p>\n<p>Teises kvartalis maksis ettev\u00f5te riigile 0,4 miljonit eurot dividende. 2025. aastal dividende ei makstud.<\/p>\n","protected":false},"excerpt":{"rendered":"Eesti riigile kuuluva Omniva puhaskahjumiks kujunes teises kvartalis 0,3 miljonit eurot ning esimesel poolaastal 1,3 miljonit eurot, ettev\u00f5te&hellip;\n","protected":false},"author":2,"featured_media":241083,"comment_status":"","ping_status":"","sticky":false,"template":"","format":"standard","meta":{"footnotes":"","_share_on_mastodon":"0"},"categories":[14],"tags":[131,130,37,33,35,255,34,36,254,9707],"class_list":["post-241082","post","type-post","status-publish","format-standard","has-post-thumbnail","category-ari","tag-ari","tag-business","tag-ee","tag-eesti","tag-eesti-keel","tag-eesti-post","tag-estonia","tag-estonian","tag-omniva","tag-postiteenus"],"share_on_mastodon":{"url":"https:\/\/pubeurope.com\/@ee\/117013378941694878","error":""},"_links":{"self":[{"href":"https:\/\/www.europesays.com\/ee\/wp-json\/wp\/v2\/posts\/241082","targetHints":{"allow":["GET"]}}],"collection":[{"href":"https:\/\/www.europesays.com\/ee\/wp-json\/wp\/v2\/posts"}],"about":[{"href":"https:\/\/www.europesays.com\/ee\/wp-json\/wp\/v2\/types\/post"}],"author":[{"embeddable":true,"href":"https:\/\/www.europesays.com\/ee\/wp-json\/wp\/v2\/users\/2"}],"replies":[{"embeddable":true,"href":"https:\/\/www.europesays.com\/ee\/wp-json\/wp\/v2\/comments?post=241082"}],"version-history":[{"count":0,"href":"https:\/\/www.europesays.com\/ee\/wp-json\/wp\/v2\/posts\/241082\/revisions"}],"wp:featuredmedia":[{"embeddable":true,"href":"https:\/\/www.europesays.com\/ee\/wp-json\/wp\/v2\/media\/241083"}],"wp:attachment":[{"href":"https:\/\/www.europesays.com\/ee\/wp-json\/wp\/v2\/media?parent=241082"}],"wp:term":[{"taxonomy":"category","embeddable":true,"href":"https:\/\/www.europesays.com\/ee\/wp-json\/wp\/v2\/categories?post=241082"},{"taxonomy":"post_tag","embeddable":true,"href":"https:\/\/www.europesays.com\/ee\/wp-json\/wp\/v2\/tags?post=241082"}],"curies":[{"name":"wp","href":"https:\/\/api.w.org\/{rel}","templated":true}]}}