{"id":241094,"date":"2026-07-31T07:30:16","date_gmt":"2026-07-31T07:30:16","guid":{"rendered":"https:\/\/www.europesays.com\/ee\/241094\/"},"modified":"2026-07-31T07:30:16","modified_gmt":"2026-07-31T07:30:16","slug":"ferrari-esimene-elektriauto-luce-taitis-tanavuse-muugieesmargi-kahe-kuuga","status":"publish","type":"post","link":"https:\/\/www.europesays.com\/ee\/241094\/","title":{"rendered":"Ferrari esimene elektriauto Luce t\u00e4itis t\u00e4navuse m\u00fc\u00fcgieesm\u00e4rgi kahe kuuga"},"content":{"rendered":"<p>Arusaadavalt v\u00f5ib eeldada, et esimest elektrilist Ferrarit saadab eriline edu just Hiinas, kuid Ferrari juht Benedetto Vigna l\u00fckkas selle \u00fcmber. \u201eMuidugi on m\u00f5ned riigid harjunud elektriautodega rohkem, kuid me ei n\u00e4e mingit kindlat mustrit,\u201c kommenteeris ta. V\u00e4idetavalt on Hiinasse tellitud siiski juba 88 Lucet.<\/p>\n<p>Vigna kinnitas, et hetkel on autotootja Luce tellimisarvuga v\u00e4ga rahul, ning mainis, et k\u00f5ik tulevased omanikud on n\u00e4idisautot n\u00e4hes entusiastlikud ja r\u00f5\u00f5msad.<\/p>\n<p>Kuidas see lugu Sind end tundma pani? Saada <\/p>\n","protected":false},"excerpt":{"rendered":"Arusaadavalt v\u00f5ib eeldada, et esimest elektrilist Ferrarit saadab eriline edu just Hiinas, kuid Ferrari juht Benedetto Vigna l\u00fckkas&hellip;\n","protected":false},"author":2,"featured_media":241095,"comment_status":"","ping_status":"","sticky":false,"template":"","format":"standard","meta":{"footnotes":"","_share_on_mastodon":"0"},"categories":[14],"tags":[131,130,37,33,35,34,36,7596,81616],"class_list":["post-241094","post","type-post","status-publish","format-standard","has-post-thumbnail","category-ari","tag-ari","tag-business","tag-ee","tag-eesti","tag-eesti-keel","tag-estonia","tag-estonian","tag-ferrari","tag-luce"],"share_on_mastodon":{"url":"https:\/\/pubeurope.com\/@ee\/117013422349221473","error":""},"_links":{"self":[{"href":"https:\/\/www.europesays.com\/ee\/wp-json\/wp\/v2\/posts\/241094","targetHints":{"allow":["GET"]}}],"collection":[{"href":"https:\/\/www.europesays.com\/ee\/wp-json\/wp\/v2\/posts"}],"about":[{"href":"https:\/\/www.europesays.com\/ee\/wp-json\/wp\/v2\/types\/post"}],"author":[{"embeddable":true,"href":"https:\/\/www.europesays.com\/ee\/wp-json\/wp\/v2\/users\/2"}],"replies":[{"embeddable":true,"href":"https:\/\/www.europesays.com\/ee\/wp-json\/wp\/v2\/comments?post=241094"}],"version-history":[{"count":0,"href":"https:\/\/www.europesays.com\/ee\/wp-json\/wp\/v2\/posts\/241094\/revisions"}],"wp:featuredmedia":[{"embeddable":true,"href":"https:\/\/www.europesays.com\/ee\/wp-json\/wp\/v2\/media\/241095"}],"wp:attachment":[{"href":"https:\/\/www.europesays.com\/ee\/wp-json\/wp\/v2\/media?parent=241094"}],"wp:term":[{"taxonomy":"category","embeddable":true,"href":"https:\/\/www.europesays.com\/ee\/wp-json\/wp\/v2\/categories?post=241094"},{"taxonomy":"post_tag","embeddable":true,"href":"https:\/\/www.europesays.com\/ee\/wp-json\/wp\/v2\/tags?post=241094"}],"curies":[{"name":"wp","href":"https:\/\/api.w.org\/{rel}","templated":true}]}}