{"id":241106,"date":"2026-07-31T07:41:10","date_gmt":"2026-07-31T07:41:10","guid":{"rendered":"https:\/\/www.europesays.com\/ee\/241106\/"},"modified":"2026-07-31T07:41:10","modified_gmt":"2026-07-31T07:41:10","slug":"eesti-energia-kasvatas-huppeliselt-taastuvenergia-ja-elektrimuugi-arikasumit-majandus","status":"publish","type":"post","link":"https:\/\/www.europesays.com\/ee\/241106\/","title":{"rendered":"Eesti Energia kasvatas h\u00fcppeliselt taastuvenergia ja elektrim\u00fc\u00fcgi \u00e4rikasumit | Majandus"},"content":{"rendered":"<p>Eesti Energia kontserni t\u00e4navu esimese poolaasta m\u00fc\u00fcgitulu kasvas 939,9 miljoni euroni ehk nelja protsendi v\u00f5rra. Kulumieelne \u00e4rikasum (EBITDA) oli 175 miljonit eurot ehk langes kaheksa protsenti.<\/p>\n<p>Kasumlikkust m\u00f5jutas peamiselt sagedusturul osalemise teenuste tulu v\u00e4henemine \u2013 v\u00f5rreldes m\u00f6\u00f6dunud aastaga on see turg stabiliseerunud ning selle \u00e4ri kasumlikkus on taandunud tavap\u00e4rasele tasemele.<\/p>\n<p>Kontserni teise kvartali m\u00fc\u00fcgitulu ulatus 374 miljoni euroni ja EBITDA oli 56 miljonit eurot, see langes 28 protsenti. Kasumlikkuse langust m\u00f5jutas ettev\u00f5tte teatel peamiselt sagedusteenuste turgude stabiliseerumine.<\/p>\n<p>Eesti Energia finantsjuht Marlen Tamm \u00fctles, et k\u00f5ik kontserni peamised \u00e4risuunad kasvatasid m\u00fc\u00fcgitulu.<\/p>\n<p>&#8220;Eriti selgelt tuli teises kvartalis esile integreeritud elektri\u00e4ri eelis: taastuvenergia ja elektrim\u00fc\u00fcgi \u00e4ri kasumlikkus kasvas tugevalt t\u00e4nu paranenud marginaalidele, t\u00f5husamale riskijuhtimisele ja madalamatele p\u00fcsikuludele,&#8221; s\u00f5nas Tamm.<\/p>\n<p>Taastuvenergia ja elektrim\u00fc\u00fcgi \u00e4risuuna kulumieelne \u00e4rikasum kasvas aastaga 90 protsenti ehk 24,1 miljoni euroni.<\/p>\n<p>Tamm m\u00e4rkis, et teise ja kolmanda kvartali tulemus on neil olnud traditsiooniliselt hooajaliselt n\u00f5rgem, kuna soojem ilm v\u00e4hendab elektritarbimist ja suvised elektrihinnad on madalamad.<\/p>\n<p>&#8220;Sellele lisandus t\u00e4navu \u00fchekordne m\u00f5ju \u2013 mullune erakordselt k\u00f5rge s\u00fcsteemiteenuste v\u00f5rdlusbaas normaliseerus, kuna vastav turg on aastaga stabiliseerunud,&#8221; selgitas Tamm.<\/p>\n<p>Mittetaastuva elektri tootmise segmendi EBITDA on endiselt negatiivne, kuna praeguste turuhindade juures on p\u00f5levkivielektri tootmine j\u00e4tkuvalt kahjumlik. Segmendi kahjum kahanes 3,8 miljoni euroni t\u00e4nu alates selle aasta algusest rakendatud reservv\u00f5imsuste tasule, mille suurus on 14,9 miljonit eurot kvartalis ning mis katab p\u00f5levkiviplokkide \u00fclal hoidmise p\u00fcsikulusid.<\/p>\n<p>Mullusest n\u00f5rgem tulemus kujunes ka vedelk\u00fctuste segmendis, kus toodangu keskmine m\u00fc\u00fcgihind koos riskimaandamise tehingute m\u00f5juga on m\u00f5nev\u00f5rra langenud.<\/p>\n<p>Piiratud \u00fclekandev\u00f5imsus tingis Eestis odavama elektrihinna<\/p>\n<p>Teises kvartalis tuli Eesti tarbijatele kasuks Balti riikide vahel s\u00fcvenenud elektrihindade erinevus. Piiratud \u00fclekandev\u00f5imsuse t\u00f5ttu oli Eesti keskmine elektrihind 59,7 eurot megavatt-tunnist ehk see langes ligi kaks protsenti, p\u00fcsides kogu kvartali jooksul madalamal tasemel kui L\u00e4tis, kus keskmine hind oli 77,4 eurot megavatt-tunni eest, ja Leedus, kus see maksis 78,2 eurot.<\/p>\n<p>Esimesel poolaastal investeeris Eesti Energia kokku 116,8 miljonit eurot, millest suurima osa ehk 65,8 miljonit eurot moodustasid investeeringud elektriv\u00f5rgu t\u00f6\u00f6kindluse parandamisse.<\/p>\n<p>Teises kvartalis tootis kontsern 74 protsenti oma elektrist taastuvatest allikatest, samas kui mittetaastuva elektri tootmine v\u00e4henes peaaegu poole v\u00f5rra 165 gigavatt-tunnini, sest turuhinnad polnud k\u00f5rge muutuvkuluga p\u00f5levkivielektri tootmiseks piisavalt sobilikud.<\/p>\n<p>Juunis avas Enefit Ida-Virumaal Purtse h\u00fcbriidpargis 4,4 megavatise v\u00f5imsuse ja 9,8 megavatt-tunni mahutavusega energiasalvesti, mis t\u00e4iendab seal olemasolevat tuule- ja p\u00e4ikeseparki. Tegu on \u00fche esimese tervikliku taastuvenergia lahendusega Baltikumis, kus \u00fche liitumise taha on lisatud tuule- ja p\u00e4ikesepark ning energiasalvesti. See aitab taastuvenergia toodangut tasakaalustada, salvestades elektrit k\u00f5rge toodangu ajal ja suunates seda v\u00f5rku ajal, mil n\u00f5udlus v\u00f5rgus kasvab.<\/p>\n<p>Teises kvartalis hakkas Enefit oma tuule- ja p\u00e4ikeseparkidega pakkuma elektris\u00fcsteemi sagedusreservide turul \u00fclesreguleerimise teenust. Sellega on ettev\u00f5te \u00fcks esimestest Euroopas, kes kasutab tuule- ja p\u00e4ikeseparke paindlikkusturul nii \u00fcles- kui ka alla reguleerimiseks.<\/p>\n<p>\u00d5litehas j\u00f5uab t\u00e4isv\u00f5imsuseni septembriks<\/p>\n<p>Kasvu j\u00e4tkas ka Enefiti elektriautode laadimisv\u00f5rk. Esimesel poolaastal tarbiti avalikus laadimisv\u00f5rgus 35 protsenti rohkem elektrit kui aasta varem. Samal ajal j\u00e4tkus v\u00f5rgu laiendamine, sealhulgas koost\u00f6\u00f6 Olerexiga uute kiirlaadijate rajamiseks \u00fcle Eesti.<\/p>\n<p>Mais esimese koguse p\u00f5levkivi\u00f5li tootnud uue \u00f5litehase Enefit 280-2 k\u00e4itusprogramm j\u00e4tkub plaanip\u00e4raselt ning juuli l\u00f5puks on tehas tootnud \u00fcle 6000 tonni p\u00f5levkivi\u00f5li. Eesm\u00e4rk on saavutada septembriks stabiilne tootmisre\u017eiim t\u00e4isv\u00f5imsuse l\u00e4hedasel tasemel.<\/p>\n<p>Kvartali vedelk\u00fctuste tootmismaht kasvas 18 protenti ja ulatus 120 400 tonnini. M\u00fc\u00fcgimaht kasvas samal ajal 17 protsenti 123 800 tonnini ning m\u00fc\u00fcgitulu oli 47 miljonit eurot ehk kasvas k\u00fcmme protsenti.<\/p>\n<p>Samas langes kulumieelne \u00e4rikasum madalama saavutatud keskmise m\u00fc\u00fcgihinna t\u00f5ttu 40 protsenti, j\u00e4\u00e4des 10,1 miljoni euro juurde. \u00a0<\/p>\n<p>Enefit Industry s\u00f5lmis ka Rail Balticu Tootsi-P\u00e4rnu l\u00f5iku ehitava konsortsiumiga lepingu 800 000 tonni Estonia kaevanduse aherainest toodetud killustiku tarnimiseks j\u00e4rgmise kahe aasta jooksul. Regulaarsed veod V\u00e4ike-Pungerjast P\u00e4rnuni algasid juuni keskel.<\/p>\n<p>Eesti Energia t\u00fctarettev\u00f5te Elektrilevi hooldas esimese poolaasta jooksul 3851 kilomeetrit liinikoridore ja laiendas neid 381 kilomeetrit.<\/p>\n<p>Juunis t\u00f5usis Elektrilevi v\u00f5rguteenuse keskmine hind 3,4 protsenti peamiselt p\u00f5hiv\u00f5rgu \u00fclekandeteenuse kallinemise ja \u00fcldise inflatsiooni t\u00f5ttu. V\u00f5rguteenuse m\u00fc\u00fcgitulu kasvas kvartalis viis protsenti 77,5 miljoni euroni ja EBITDA 21 protsenti 34,4 miljoni euroni, mida toetasid k\u00f5rgem marginaal ja madalamad hoolduskulud.\u00a0<\/p>\n<p>Investeeringud v\u00f5rku ulatusid teises kvartalis 38,5 miljoni euroni, ilmastikukindla madalpingev\u00f5rgu osakaal kasvas 97,5 protsendini ja kogu v\u00f5rgust on 77,5 protsenti ilmastikukindel.<\/p>\n<p>Aprillist saab Hiiumaal, kus valmis Saaremaa-Hiiumaa merekaabel, taas v\u00f5imalikuks esitada elektritootmisega liitumise taotlusi kuni \u00fche megavati ulatuses.<\/p>\n","protected":false},"excerpt":{"rendered":"Eesti Energia kontserni t\u00e4navu esimese poolaasta m\u00fc\u00fcgitulu kasvas 939,9 miljoni euroni ehk nelja protsendi v\u00f5rra. Kulumieelne \u00e4rikasum (EBITDA)&hellip;\n","protected":false},"author":2,"featured_media":241107,"comment_status":"","ping_status":"","sticky":false,"template":"","format":"standard","meta":{"footnotes":"","_share_on_mastodon":"0"},"categories":[14],"tags":[131,130,37,33,4526,35,95500,5767,34,36,15103,39826,8844,2596,1453,36013,95499],"class_list":["post-241106","post","type-post","status-publish","format-standard","has-post-thumbnail","category-ari","tag-ari","tag-business","tag-ee","tag-eesti","tag-eesti-energia","tag-eesti-keel","tag-elektrivorgud","tag-energiasalvesti","tag-estonia","tag-estonian","tag-paikesepargid","tag-polevkivienergia","tag-sagedusreservide-turg","tag-taastuvenergia","tag-tuulepargid","tag-ulekandevoimsus","tag-vedelkutused"],"share_on_mastodon":{"url":"https:\/\/pubeurope.com\/@ee\/117013465580432231","error":""},"_links":{"self":[{"href":"https:\/\/www.europesays.com\/ee\/wp-json\/wp\/v2\/posts\/241106","targetHints":{"allow":["GET"]}}],"collection":[{"href":"https:\/\/www.europesays.com\/ee\/wp-json\/wp\/v2\/posts"}],"about":[{"href":"https:\/\/www.europesays.com\/ee\/wp-json\/wp\/v2\/types\/post"}],"author":[{"embeddable":true,"href":"https:\/\/www.europesays.com\/ee\/wp-json\/wp\/v2\/users\/2"}],"replies":[{"embeddable":true,"href":"https:\/\/www.europesays.com\/ee\/wp-json\/wp\/v2\/comments?post=241106"}],"version-history":[{"count":0,"href":"https:\/\/www.europesays.com\/ee\/wp-json\/wp\/v2\/posts\/241106\/revisions"}],"wp:featuredmedia":[{"embeddable":true,"href":"https:\/\/www.europesays.com\/ee\/wp-json\/wp\/v2\/media\/241107"}],"wp:attachment":[{"href":"https:\/\/www.europesays.com\/ee\/wp-json\/wp\/v2\/media?parent=241106"}],"wp:term":[{"taxonomy":"category","embeddable":true,"href":"https:\/\/www.europesays.com\/ee\/wp-json\/wp\/v2\/categories?post=241106"},{"taxonomy":"post_tag","embeddable":true,"href":"https:\/\/www.europesays.com\/ee\/wp-json\/wp\/v2\/tags?post=241106"}],"curies":[{"name":"wp","href":"https:\/\/api.w.org\/{rel}","templated":true}]}}