{"id":241154,"date":"2026-07-31T08:38:07","date_gmt":"2026-07-31T08:38:07","guid":{"rendered":"https:\/\/www.europesays.com\/ee\/241154\/"},"modified":"2026-07-31T08:38:07","modified_gmt":"2026-07-31T08:38:07","slug":"euroopa-digikukkur-toob-kaasa-seadusemuudatused-ja-uue-registri-loomise","status":"publish","type":"post","link":"https:\/\/www.europesays.com\/ee\/241154\/","title":{"rendered":"Euroopa digikukkur toob kaasa seadusemuudatused ja uue registri loomise"},"content":{"rendered":"<p class=\"MsoNormal\">Eeln\u00f5u eesm\u00e4rk on viia Eesti seadused koosk\u00f5lla Euroopa Liidu uue eIDAS 2 raamistikuga, mille keskmes on Euroopa digiidentiteedikukkur. See on vabatahtlik digitaalne isikutuvastuse lahendus, millega saab tulevikus kasutada nii Eesti kui ka teiste Euroopa Liidu riikide e-teenuseid. Samuti j\u00e4\u00e4b alles senine ID-kaardi s\u00fcsteem, mis t\u00e4hendab, et riigil on kaks paralleelset elektroonilise isikutuvastuse lahendust. Eeln\u00f5u autorite hinnangul suurendab see Eesti e-riigi t\u00f6\u00f6kindlust.<\/p>\n","protected":false},"excerpt":{"rendered":"Eeln\u00f5u eesm\u00e4rk on viia Eesti seadused koosk\u00f5lla Euroopa Liidu uue eIDAS 2 raamistikuga, mille keskmes on Euroopa digiidentiteedikukkur.&hellip;\n","protected":false},"author":2,"featured_media":241155,"comment_status":"","ping_status":"","sticky":false,"template":"","format":"standard","meta":{"footnotes":"","_share_on_mastodon":"0"},"categories":[12],"tags":[5086,26,27,95524,42507,37,33,95525,35,95521,34,36,95522,95520,31,32,21,95523,5209,28,29,19,25,23601,23,24,22,20,30],"class_list":["post-241154","post","type-post","status-publish","format-standard","has-post-thumbnail","category-eesti","tag-andmekaitse-inspektsioon","tag-breaking-news","tag-breakingnews","tag-digiidentiteedikukru-pakkujad","tag-e-teenused","tag-ee","tag-eesti","tag-eesti-e-riik","tag-eesti-keel","tag-eidas-2","tag-estonia","tag-estonian","tag-euroopa-digiidentiteedikukkur","tag-euroopa-digikukkur","tag-featured-news","tag-featurednews","tag-headlines","tag-id-kaardi-susteem","tag-justiits-ja-digiministeerium","tag-latest-news","tag-latestnews","tag-news","tag-populaarseimad-lood","tag-riigi-infosusteemi-amet","tag-top-stories","tag-topstories","tag-uldised-uudised","tag-uudised","tag-viimased-uudised"],"share_on_mastodon":{"url":"","error":""},"_links":{"self":[{"href":"https:\/\/www.europesays.com\/ee\/wp-json\/wp\/v2\/posts\/241154","targetHints":{"allow":["GET"]}}],"collection":[{"href":"https:\/\/www.europesays.com\/ee\/wp-json\/wp\/v2\/posts"}],"about":[{"href":"https:\/\/www.europesays.com\/ee\/wp-json\/wp\/v2\/types\/post"}],"author":[{"embeddable":true,"href":"https:\/\/www.europesays.com\/ee\/wp-json\/wp\/v2\/users\/2"}],"replies":[{"embeddable":true,"href":"https:\/\/www.europesays.com\/ee\/wp-json\/wp\/v2\/comments?post=241154"}],"version-history":[{"count":0,"href":"https:\/\/www.europesays.com\/ee\/wp-json\/wp\/v2\/posts\/241154\/revisions"}],"wp:featuredmedia":[{"embeddable":true,"href":"https:\/\/www.europesays.com\/ee\/wp-json\/wp\/v2\/media\/241155"}],"wp:attachment":[{"href":"https:\/\/www.europesays.com\/ee\/wp-json\/wp\/v2\/media?parent=241154"}],"wp:term":[{"taxonomy":"category","embeddable":true,"href":"https:\/\/www.europesays.com\/ee\/wp-json\/wp\/v2\/categories?post=241154"},{"taxonomy":"post_tag","embeddable":true,"href":"https:\/\/www.europesays.com\/ee\/wp-json\/wp\/v2\/tags?post=241154"}],"curies":[{"name":"wp","href":"https:\/\/api.w.org\/{rel}","templated":true}]}}